{"id":1138,"date":"2009-07-10T19:17:42","date_gmt":"2009-07-10T17:17:42","guid":{"rendered":"http:\/\/gedankentraeger.de\/?p=1138"},"modified":"2009-07-14T13:21:00","modified_gmt":"2009-07-14T11:21:00","slug":"presseinformation-aus-pankow-prenzlauer-berg","status":"publish","type":"post","link":"https:\/\/gedankentraeger.de\/?p=1138","title":{"rendered":"presseinformation aus pankow\/ prenzlauer berg."},"content":{"rendered":"<p>&#8222;Therapeutische Versorgung f\u00fcr behinderte und schwerbehinderte Sch\u00fclerinnen und Sch\u00fcler bleibt gesichert: Haushaltsplanentwurf sieht Finanzierung vor. Am 7. Juli 2009 hat das Bezirksamt Pankow den Entwurf des Doppelhaushaltsplans f\u00fcr die Jahre 2010 und 2011 beschlossen. In diesem Entwurf bleibt die Finanzierung der medizinisch-therapeutischen Versorgung durch Therapeuten des Gesundheitsamtes f\u00fcr Sch\u00fclerinnen und Sch\u00fcler mit geistiger und k\u00f6rperlicher Behinderung gesichert. Damit hat das Bezirksamt die Sorgen der Eltern von schwer- und schwerstmehrfachbehinderten Sch\u00fclerinnen und Sch\u00fclern sehr ernst genommen und im Ergebnis eines Abw\u00e4gungsprozesses davon abgesehen, die im Rahmen pauschaler Einsparvorgaben vorgesehenen Stellen der Therapeuten an den Sonderschulen zu streichen.&#8220;<\/p>\n<p>(Unser Protest gegen die Therapeutenk\u00fcrzung war erfolgreich, aber nun geht es wieder mit den Schulhelfern los. Im halbj\u00e4hrlichen Rhythmus werden alle notwendigen Leistungen in Frage gestellt und werden immer neue Proteste n\u00f6tig, das geriert sich schon zum Vollzeitjob. Ob das so geht, bis John die Schule verl\u00e4sst? Naja, wollen wir mal nicht zuversichtlich werden, wahrscheinlich geht es nach der Schulzeit mit Wohnheim- und Werkstattfragen weiter.)<\/p>\n","protected":false},"excerpt":{"rendered":"<p>&#8222;Therapeutische Versorgung f\u00fcr behinderte und schwerbehinderte Sch\u00fclerinnen und Sch\u00fcler bleibt gesichert: Haushaltsplanentwurf sieht Finanzierung vor. Am 7. Juli 2009 hat das Bezirksamt Pankow den Entwurf des Doppelhaushaltsplans f\u00fcr die Jahre 2010 und 2011 beschlossen. In diesem Entwurf bleibt die Finanzierung der medizinisch-therapeutischen Versorgung durch Therapeuten des Gesundheitsamtes f\u00fcr Sch\u00fclerinnen und Sch\u00fcler mit geistiger und k\u00f6rperlicher [&hellip;]<\/p>\n","protected":false},"author":1,"featured_media":0,"comment_status":"open","ping_status":"open","sticky":false,"template":"","format":"standard","meta":{"footnotes":""},"categories":[23],"tags":[],"class_list":["post-1138","post","type-post","status-publish","format-standard","hentry","category-autismus"],"_links":{"self":[{"href":"https:\/\/gedankentraeger.de\/index.php?rest_route=\/wp\/v2\/posts\/1138"}],"collection":[{"href":"https:\/\/gedankentraeger.de\/index.php?rest_route=\/wp\/v2\/posts"}],"about":[{"href":"https:\/\/gedankentraeger.de\/index.php?rest_route=\/wp\/v2\/types\/post"}],"author":[{"embeddable":true,"href":"https:\/\/gedankentraeger.de\/index.php?rest_route=\/wp\/v2\/users\/1"}],"replies":[{"embeddable":true,"href":"https:\/\/gedankentraeger.de\/index.php?rest_route=%2Fwp%2Fv2%2Fcomments&post=1138"}],"version-history":[{"count":0,"href":"https:\/\/gedankentraeger.de\/index.php?rest_route=\/wp\/v2\/posts\/1138\/revisions"}],"wp:attachment":[{"href":"https:\/\/gedankentraeger.de\/index.php?rest_route=%2Fwp%2Fv2%2Fmedia&parent=1138"}],"wp:term":[{"taxonomy":"category","embeddable":true,"href":"https:\/\/gedankentraeger.de\/index.php?rest_route=%2Fwp%2Fv2%2Fcategories&post=1138"},{"taxonomy":"post_tag","embeddable":true,"href":"https:\/\/gedankentraeger.de\/index.php?rest_route=%2Fwp%2Fv2%2Ftags&post=1138"}],"curies":[{"name":"wp","href":"https:\/\/api.w.org\/{rel}","templated":true}]}}