{"id":1145,"date":"2009-07-14T19:36:29","date_gmt":"2009-07-14T17:36:29","guid":{"rendered":"http:\/\/gedankentraeger.de\/?p=1145"},"modified":"2009-07-14T19:36:29","modified_gmt":"2009-07-14T17:36:29","slug":"selbstwirksamkeitserfahrungen-auf-die-man-verzichten-konnte","status":"publish","type":"post","link":"https:\/\/gedankentraeger.de\/?p=1145","title":{"rendered":"&#8222;selbstwirksamkeitserfahrungen&#8220;, auf die man verzichten k\u00f6nnte."},"content":{"rendered":"<p>&#8222;Berlins Eltern machen zurzeit Selbstwirksamkeitserfahrungen. Mit viel Arbeit und erfolgreichen Protesten setzen sie ihre Ziele durch.<br \/>\nSelbstwirksamkeitserfahrungen lautet das Zauberwort aus der P\u00e4dagogik. Was damit gemeint ist: Lehrer sollen den Sch\u00fclern zu Erfolgserlebnissen verhelfen, sollen ihnen die M\u00f6glichkeit geben, etwas selbst zu tun, ihre eigenen \u201eWerke\u201c bewundern zu k\u00f6nnen, damit sie wieder Mut und Kraft haben f\u00fcr neue Herausforderungen. Selbstwirksamkeitserfahrungen machen zurzeit auch Berlins Eltern. J\u00fcngstes Beispiel: Ihr erfolgreicher Protest gegen die Streichung der Therapeutenstellen an Pankows Sonderschulen.&#8220; [<a href=\"http:\/\/www.tagesspiegel.de\/berlin\/familie\/schule\/Kurz-vor-Acht-Tempelhof-Pankow;art295,2846949\">#<\/a>]<\/p>\n","protected":false},"excerpt":{"rendered":"<p>&#8222;Berlins Eltern machen zurzeit Selbstwirksamkeitserfahrungen. Mit viel Arbeit und erfolgreichen Protesten setzen sie ihre Ziele durch. Selbstwirksamkeitserfahrungen lautet das Zauberwort aus der P\u00e4dagogik. Was damit gemeint ist: Lehrer sollen den Sch\u00fclern zu Erfolgserlebnissen verhelfen, sollen ihnen die M\u00f6glichkeit geben, etwas selbst zu tun, ihre eigenen \u201eWerke\u201c bewundern zu k\u00f6nnen, damit sie wieder Mut und Kraft [&hellip;]<\/p>\n","protected":false},"author":1,"featured_media":0,"comment_status":"open","ping_status":"open","sticky":false,"template":"","format":"standard","meta":{"footnotes":""},"categories":[23],"tags":[],"class_list":["post-1145","post","type-post","status-publish","format-standard","hentry","category-autismus"],"_links":{"self":[{"href":"https:\/\/gedankentraeger.de\/index.php?rest_route=\/wp\/v2\/posts\/1145"}],"collection":[{"href":"https:\/\/gedankentraeger.de\/index.php?rest_route=\/wp\/v2\/posts"}],"about":[{"href":"https:\/\/gedankentraeger.de\/index.php?rest_route=\/wp\/v2\/types\/post"}],"author":[{"embeddable":true,"href":"https:\/\/gedankentraeger.de\/index.php?rest_route=\/wp\/v2\/users\/1"}],"replies":[{"embeddable":true,"href":"https:\/\/gedankentraeger.de\/index.php?rest_route=%2Fwp%2Fv2%2Fcomments&post=1145"}],"version-history":[{"count":0,"href":"https:\/\/gedankentraeger.de\/index.php?rest_route=\/wp\/v2\/posts\/1145\/revisions"}],"wp:attachment":[{"href":"https:\/\/gedankentraeger.de\/index.php?rest_route=%2Fwp%2Fv2%2Fmedia&parent=1145"}],"wp:term":[{"taxonomy":"category","embeddable":true,"href":"https:\/\/gedankentraeger.de\/index.php?rest_route=%2Fwp%2Fv2%2Fcategories&post=1145"},{"taxonomy":"post_tag","embeddable":true,"href":"https:\/\/gedankentraeger.de\/index.php?rest_route=%2Fwp%2Fv2%2Ftags&post=1145"}],"curies":[{"name":"wp","href":"https:\/\/api.w.org\/{rel}","templated":true}]}}