{"id":1438,"date":"2010-02-26T15:14:24","date_gmt":"2010-02-26T13:14:24","guid":{"rendered":"http:\/\/gedankentraeger.de\/?p=1438"},"modified":"2010-02-26T15:14:56","modified_gmt":"2010-02-26T13:14:56","slug":"kinder-in-berlin-und-uberall","status":"publish","type":"post","link":"https:\/\/gedankentraeger.de\/?p=1438","title":{"rendered":"kinder in berlin. und \u00fcberall."},"content":{"rendered":"<p>So geht es: wenn die Berliner Zeitung eine Serie \u00fcber Kinder in Berlin macht, dann geh\u00f6rt dazu nat\u00fcrlich auch ein Artikel \u00fcber ein Kind mit einer Behinderung: &#8222;<a href=\"http:\/\/www.berlinonline.de\/berliner-zeitung\/berlin\/kinder-in-berlin\/156959\/156960.php\">Gute und schlechte Tage<\/a>.&#8220;<\/p>\n<p>Wie sch\u00f6n, dass unser Elternzentrum an zweiter Stelle unter Beratungsstellen gelistet wird, das zeigt auch, wie weit wir in knapp anderthalb Jahren Vereinsarbeit schon gekommen sind; und wir sitzen am Runden Tisch zum Thema Schulhelfer [<a href=\"http:\/\/www.elternzentrum-berlin.de\/pm-runder-tisch-schulhelfer-25012009\/\">#<\/a>], was die Senatsverwaltung vor anderthalb Jahren sicherlich auch nicht zugelassen h\u00e4tte.<\/p>\n<p>Inklusion, das ist ja noch nicht viel mehr als ein Traum. John ist nirgendwo ein Teil des Ganzen, obwohl ich es schon oft versucht habe. Aber wer wei\u00df, vielleicht l\u00e4sst sich etwas bewegen, immerhin gibt es dazu nun einen sch\u00f6nen Kinospot: <a href=\"http:\/\/www.youtube.com\/watch?v=WC6XfDuLWpU\">Schulchor<\/a>.<\/p>\n","protected":false},"excerpt":{"rendered":"<p>So geht es: wenn die Berliner Zeitung eine Serie \u00fcber Kinder in Berlin macht, dann geh\u00f6rt dazu nat\u00fcrlich auch ein Artikel \u00fcber ein Kind mit einer Behinderung: &#8222;Gute und schlechte Tage.&#8220; Wie sch\u00f6n, dass unser Elternzentrum an zweiter Stelle unter Beratungsstellen gelistet wird, das zeigt auch, wie weit wir in knapp anderthalb Jahren Vereinsarbeit schon [&hellip;]<\/p>\n","protected":false},"author":1,"featured_media":0,"comment_status":"open","ping_status":"open","sticky":false,"template":"","format":"standard","meta":{"footnotes":""},"categories":[23],"tags":[],"class_list":["post-1438","post","type-post","status-publish","format-standard","hentry","category-autismus"],"_links":{"self":[{"href":"https:\/\/gedankentraeger.de\/index.php?rest_route=\/wp\/v2\/posts\/1438"}],"collection":[{"href":"https:\/\/gedankentraeger.de\/index.php?rest_route=\/wp\/v2\/posts"}],"about":[{"href":"https:\/\/gedankentraeger.de\/index.php?rest_route=\/wp\/v2\/types\/post"}],"author":[{"embeddable":true,"href":"https:\/\/gedankentraeger.de\/index.php?rest_route=\/wp\/v2\/users\/1"}],"replies":[{"embeddable":true,"href":"https:\/\/gedankentraeger.de\/index.php?rest_route=%2Fwp%2Fv2%2Fcomments&post=1438"}],"version-history":[{"count":0,"href":"https:\/\/gedankentraeger.de\/index.php?rest_route=\/wp\/v2\/posts\/1438\/revisions"}],"wp:attachment":[{"href":"https:\/\/gedankentraeger.de\/index.php?rest_route=%2Fwp%2Fv2%2Fmedia&parent=1438"}],"wp:term":[{"taxonomy":"category","embeddable":true,"href":"https:\/\/gedankentraeger.de\/index.php?rest_route=%2Fwp%2Fv2%2Fcategories&post=1438"},{"taxonomy":"post_tag","embeddable":true,"href":"https:\/\/gedankentraeger.de\/index.php?rest_route=%2Fwp%2Fv2%2Ftags&post=1438"}],"curies":[{"name":"wp","href":"https:\/\/api.w.org\/{rel}","templated":true}]}}