{"id":1576,"date":"2010-06-29T17:18:47","date_gmt":"2010-06-29T15:18:47","guid":{"rendered":"http:\/\/gedankentraeger.de\/?p=1576"},"modified":"2010-06-29T17:24:28","modified_gmt":"2010-06-29T15:24:28","slug":"leitfaden-und-taglich-grust-das-murmeltier","status":"publish","type":"post","link":"https:\/\/gedankentraeger.de\/?p=1576","title":{"rendered":"leitfaden. [und t\u00e4glich gr\u00fc\u00dft das murmeltier.]"},"content":{"rendered":"<p>Lange genug habe ich hier das sexy Thema Schulhelfer vernachl\u00e4ssigt, aber zum Ende des Schuljahres sorgt die Berliner Bildungsverwaltung nat\u00fcrlich wieder f\u00fcr Unterhaltung. Zum neuen Schuljahr wird Schulbegleitung wieder nicht bedarfsgerecht bewilligt, also m\u00fcssen und sollen immer mehr Eltern den Weg \u00fcber die Leistungen der Eingliederungshilfe gehen. Was man schon immer alles \u00fcber Schulbegleitung wissen wollte, findet man nun in einem neuen Leitfaden des &#8222;Elternzentrums Berlin&#8220;, hier als PDF download: <a href=\"http:\/\/gedankentraeger.de\/wp-content\/uploads\/2010\/06\/100629lf_schulassistenz_a4download.pdf\">100629lf_schulassistenz_a4download<\/a>.<\/p>\n<p>Ab Montag, den 5. Juli 2010 k\u00f6nnen gedruckte Exemplare (Papier, handliches DIN lang Format, farbig) unter Angabe der St\u00fcckzahl und Adresse bei LFassistenz@elternzentrumberlin.de bestellt werden.<\/p>\n<p>Heute Abend ist unsere Vorsitzende in der &#8222;Abendschau&#8220; auf rbb zu sehen. Dann also auf ein Neues.<\/p>\n<p>(F\u00fcr John allerdings nicht &#8222;auf ein Neues&#8220;, denn ich habe nach drei Jahren genug davon und heute im Schulamt einen &#8222;Antrag auf Umschulung nach Brandenburg&#8220; gestellt. John wird nun in F\u00fcrstenwalde zur Schule gehen, das Schulamt stellt sich zwar wegen des t\u00e4glichen Bustransports quer, aber wenn das vor Gericht gekl\u00e4rt werden muss, dann immerhin ein f\u00fcr allemal und nicht jedes Jahr wieder.)<\/p>\n<p>[Wie schlimm Verwaltungen sind. Im B\u00fcro des Schulamtes zum Beispiel die Aktenordner: &#8222;Sprachtest &#8211; Offene F\u00e4lle&#8220; und &#8222;1. Klasse &#8211; Widerspr\u00fcche&#8220;, ich ahne all die Dramen hinter den Ordnern. Muss furchtbar sein, dort zu arbeiten, aber vielleicht h\u00f6rt man die Verzweiflung, die aus den Aktenordnern ruft, irgendwann dann einfach nicht mehr.]<\/p>\n","protected":false},"excerpt":{"rendered":"<p>Lange genug habe ich hier das sexy Thema Schulhelfer vernachl\u00e4ssigt, aber zum Ende des Schuljahres sorgt die Berliner Bildungsverwaltung nat\u00fcrlich wieder f\u00fcr Unterhaltung. Zum neuen Schuljahr wird Schulbegleitung wieder nicht bedarfsgerecht bewilligt, also m\u00fcssen und sollen immer mehr Eltern den Weg \u00fcber die Leistungen der Eingliederungshilfe gehen. Was man schon immer alles \u00fcber Schulbegleitung wissen [&hellip;]<\/p>\n","protected":false},"author":1,"featured_media":0,"comment_status":"open","ping_status":"open","sticky":false,"template":"","format":"standard","meta":{"footnotes":""},"categories":[23],"tags":[],"class_list":["post-1576","post","type-post","status-publish","format-standard","hentry","category-autismus"],"_links":{"self":[{"href":"https:\/\/gedankentraeger.de\/index.php?rest_route=\/wp\/v2\/posts\/1576"}],"collection":[{"href":"https:\/\/gedankentraeger.de\/index.php?rest_route=\/wp\/v2\/posts"}],"about":[{"href":"https:\/\/gedankentraeger.de\/index.php?rest_route=\/wp\/v2\/types\/post"}],"author":[{"embeddable":true,"href":"https:\/\/gedankentraeger.de\/index.php?rest_route=\/wp\/v2\/users\/1"}],"replies":[{"embeddable":true,"href":"https:\/\/gedankentraeger.de\/index.php?rest_route=%2Fwp%2Fv2%2Fcomments&post=1576"}],"version-history":[{"count":0,"href":"https:\/\/gedankentraeger.de\/index.php?rest_route=\/wp\/v2\/posts\/1576\/revisions"}],"wp:attachment":[{"href":"https:\/\/gedankentraeger.de\/index.php?rest_route=%2Fwp%2Fv2%2Fmedia&parent=1576"}],"wp:term":[{"taxonomy":"category","embeddable":true,"href":"https:\/\/gedankentraeger.de\/index.php?rest_route=%2Fwp%2Fv2%2Fcategories&post=1576"},{"taxonomy":"post_tag","embeddable":true,"href":"https:\/\/gedankentraeger.de\/index.php?rest_route=%2Fwp%2Fv2%2Ftags&post=1576"}],"curies":[{"name":"wp","href":"https:\/\/api.w.org\/{rel}","templated":true}]}}