{"id":1656,"date":"2010-12-18T22:17:01","date_gmt":"2010-12-18T20:17:01","guid":{"rendered":"http:\/\/gedankentraeger.de\/?p=1656"},"modified":"2011-01-01T19:04:45","modified_gmt":"2011-01-01T17:04:45","slug":"frohliche-weihnacht-in-berlin-vertrauen-wurde-lebensfreude","status":"publish","type":"post","link":"https:\/\/gedankentraeger.de\/?p=1656","title":{"rendered":"fr\u00f6hliche weihnacht in berlin. [vertrauen. w\u00fcrde. lebensfreude.]"},"content":{"rendered":"<p><a href=\"http:\/\/gedankentraeger.de\/wp-content\/uploads\/2010\/12\/img_1211.jpg\"><img loading=\"lazy\" decoding=\"async\" class=\"alignnone size-medium wp-image-1658\" title=\"img_1211\" src=\"http:\/\/gedankentraeger.de\/wp-content\/uploads\/2010\/12\/img_1211-300x225.jpg\" alt=\"\" width=\"300\" height=\"225\" \/><\/a><\/p>\n<p>Die Berliner sind in der Vorweihnachtszeit so r\u00fccksichtsvoll wie den Rest des Jahres auch. Bei der Metro sind alle Schwerbehindertenparkpl\u00e4tze von Autos belegt, die keinen daf\u00fcr notwendigen Ausweis im Auto haben, sp\u00e4ter bei Ikea ebenso, wir k\u00e4mpfen uns mit John durch den Tag. Als wir Nachhause kommen, steht ein fremdes Auto auf dem f\u00fcr unseren Schwerbehinderten-Parkausweis deutlichst reservierten Parkplatz, wir m\u00fcssen weit weg parken. Das unberechtigt parkende Auto kommt ausgerechnet von einem Pflegedienst, an der Seite des Autos steht: &#8222;Vertrauen, W\u00fcrde, Lebensfreude.&#8220; Solche Tage muss man lieben.<\/p>\n<p>Nach \u00c4rger, \u00c4rger und \u00c4rger also rein ins Haus, im Briefkasten empf\u00e4ngt uns ein Brief der Hausverwaltung, wir werden wegen L\u00e4rmbel\u00e4stigung abgemahnt, vermutlich zwei Parteien (lese ich so aus dem Brief, ist aber anonymisiert) h\u00e4tten sich beschwert und empf\u00e4nden die L\u00e4rm-Beeintr\u00e4chtigungen durch John als so erheblich, dass sie nun ein L\u00e4rmprotokoll f\u00fchrten. Das Interessante ist, dass seit unserem Einzug noch nicht ein einziges Mal jemand etwas wegen L\u00e4rm zu uns gesagt oder hier geklingelt hat. Man geht lieber hinter unserem R\u00fccken direkt zur Hausverwaltung.<\/p>\n<p>Ich habe mit dem Paar gesprochen, das direkt \u00fcber uns wohnt und das nat\u00fcrlich die gr\u00f6\u00dfte Bel\u00e4stigung hat, aber die sagen mir, dass sie es nicht waren und dass sie das Ganze auch f\u00fcr unsinnig halten, weil sie John zwar h\u00f6ren, aber nicht meinen, dass der L\u00e4rm so unertr\u00e4glich sei. Die sich beschwerenden Parteien sind weiter von uns weg, f\u00fchlen sich aber anscheinend &#8222;erheblich bel\u00e4stigt&#8220;, ohne uns das je gesagt zu haben. Wir versuchen nat\u00fcrlich immer, John so ruhig wie m\u00f6glich zu halten und wir fahren auch am Wochenende viel weg, wir geben wirklich unser Bestes, der Brief ist ein Schlag in die Magengrube.<\/p>\n<p>Nun muss ich die ganze Zeit daran denken, wer das wohl ist und wenn John laut ist, sehe ich automatisch auf die Uhr: &#8222;Samstag, 17:30 Uhr&#8220;, da macht nun also einer hier im Haus gerade eine Notiz in sein Protokoll. Menschen, die sich \u00fcber Anonymit\u00e4t im Internet \u00e4rgern, sollten mal ausprobieren, wie sich Anonymit\u00e4t im Nachbarsleben anf\u00fchlt. Dieser Berliner Osten featured manchmal immer noch das DDR-Feeling.<\/p>\n<p>Ich stelle mir vor: all die Menschen, die heute die Schwerbehindertenparkpl\u00e4tze blockierten, die deutlich reservierte Parkpl\u00e4tze besetzten, die Vermerke in ihre L\u00e4rmprotokolle machten, sitzen nun wahrscheinlich gerade vor der ZDF-Spendengala &#8222;Ein Herz f\u00fcr Kinder.&#8220;<\/p>\n<p>Ein vers\u00f6hnliches Foto als Abschluss eines Tages, den man nicht lieben kann, sondern am besten schnell vergisst: das Monsterk\u00fcken im sch\u00f6nen Snow Tee:<\/p>\n<p><a href=\"http:\/\/gedankentraeger.de\/wp-content\/uploads\/2010\/12\/img_1213.jpg\"><img loading=\"lazy\" decoding=\"async\" class=\"alignnone size-medium wp-image-1659\" title=\"img_1213\" src=\"http:\/\/gedankentraeger.de\/wp-content\/uploads\/2010\/12\/img_1213-207x300.jpg\" alt=\"\" width=\"207\" height=\"300\" \/><\/a><\/p>\n","protected":false},"excerpt":{"rendered":"<p>Die Berliner sind in der Vorweihnachtszeit so r\u00fccksichtsvoll wie den Rest des Jahres auch. Bei der Metro sind alle Schwerbehindertenparkpl\u00e4tze von Autos belegt, die keinen daf\u00fcr notwendigen Ausweis im Auto haben, sp\u00e4ter bei Ikea ebenso, wir k\u00e4mpfen uns mit John durch den Tag. Als wir Nachhause kommen, steht ein fremdes Auto auf dem f\u00fcr unseren [&hellip;]<\/p>\n","protected":false},"author":1,"featured_media":0,"comment_status":"open","ping_status":"open","sticky":false,"template":"","format":"standard","meta":{"footnotes":""},"categories":[23],"tags":[],"class_list":["post-1656","post","type-post","status-publish","format-standard","hentry","category-autismus"],"_links":{"self":[{"href":"https:\/\/gedankentraeger.de\/index.php?rest_route=\/wp\/v2\/posts\/1656"}],"collection":[{"href":"https:\/\/gedankentraeger.de\/index.php?rest_route=\/wp\/v2\/posts"}],"about":[{"href":"https:\/\/gedankentraeger.de\/index.php?rest_route=\/wp\/v2\/types\/post"}],"author":[{"embeddable":true,"href":"https:\/\/gedankentraeger.de\/index.php?rest_route=\/wp\/v2\/users\/1"}],"replies":[{"embeddable":true,"href":"https:\/\/gedankentraeger.de\/index.php?rest_route=%2Fwp%2Fv2%2Fcomments&post=1656"}],"version-history":[{"count":0,"href":"https:\/\/gedankentraeger.de\/index.php?rest_route=\/wp\/v2\/posts\/1656\/revisions"}],"wp:attachment":[{"href":"https:\/\/gedankentraeger.de\/index.php?rest_route=%2Fwp%2Fv2%2Fmedia&parent=1656"}],"wp:term":[{"taxonomy":"category","embeddable":true,"href":"https:\/\/gedankentraeger.de\/index.php?rest_route=%2Fwp%2Fv2%2Fcategories&post=1656"},{"taxonomy":"post_tag","embeddable":true,"href":"https:\/\/gedankentraeger.de\/index.php?rest_route=%2Fwp%2Fv2%2Ftags&post=1656"}],"curies":[{"name":"wp","href":"https:\/\/api.w.org\/{rel}","templated":true}]}}