{"id":1785,"date":"2011-03-03T12:20:57","date_gmt":"2011-03-03T10:20:57","guid":{"rendered":"http:\/\/gedankentraeger.de\/?p=1785"},"modified":"2014-06-21T18:23:51","modified_gmt":"2014-06-21T17:23:51","slug":"die-axt-fur-das-gefrorene-meer-in-uns-a-propos-uberdosis-weltgeschehen","status":"publish","type":"post","link":"https:\/\/gedankentraeger.de\/?p=1785","title":{"rendered":"die axt f\u00fcr das gefrorene meer in uns. [a propos \u00fcberdosis weltgeschehen]"},"content":{"rendered":"<p>In der Reihe &#8222;World\u2019s Untold Stories&#8220; zeigt CNN im Moment einen schwer anzusehenden Dreiteiler: <a href=\"http:\/\/edition.cnn.com\/CNNI\/Programs\/untoldstories\/\">Locked Up and Forgotten<\/a> \u00fcber geistig behinderte Menschen in Kenia. [<a href=\"http:\/\/edition.cnn.com\/video\/#\/video\/international\/2011\/02\/28\/wus.locked.up.forgotten.bk.a.cnn\">#<\/a>]<\/p>\n<p>Gleichzeitig kommt immer mehr dar\u00fcber heraus, wie in den USA noch bis vor 40 Jahren an Behinderten und Gefangenen medizinisch experimentiert wurde:<br \/>\n<a href=\"http:\/\/www.washingtonpost.com\/wp-dyn\/content\/article\/2011\/02\/27\/AR2011022700988.html\">Past medical testing on humans revealed<\/a><\/p>\n<p>Die LA Times berichtet \u00fcber die Ausbeutung von Behinderten in China:<br \/>\n<a href=\"http:\/\/www.latimes.com\/news\/nationworld\/world\/la-fg-china-brick-factory-20110226,0,3617177,full.story\">China&#8217;s disabled exploited as slaves<\/a><\/p>\n<p>In Gro\u00dfbritannien und in Deutschland werden die Leistungen f\u00fcr Behinderte gek\u00fcrzt, die Hartz IV-Reform sieht vor, dass erwachsenen Behinderten, die Zuhause leben, 20% ihrer Leistungen gek\u00fcrzt werden. Die SPD behauptete zwar mal herum, diesbez\u00fcglich g\u00e4be es mit ihr keine Einigung, letztlich hat Frau Schwesig es dann aber doch mitgetragen, das nehme ich ihr sehr, sehr \u00fcbel. [<a href=\"http:\/\/www.freitag.de\/politik\/1108-hartz-kompromiss-fertig-behinderten-werden-die-leistungen-gekuerzt\">#<\/a>]<\/p>\n<p>Wegen der Afrika-Doku bin ich gleich in die Bibliothek und habe mir aus der Geschichte der Empfindlichkeit von Hubert Fichte <a href=\"http:\/\/www.amazon.de\/gp\/product\/3100207238\/ref=pd_lpo_k2_dp_sr_1?pf_rd_p=471061493&amp;pf_rd_s=lpo-top-stripe&amp;pf_rd_t=201&amp;pf_rd_i=3100207300&amp;pf_rd_m=A3JWKAKR8XB7XF&amp;pf_rd_r=1SAT0NVPBVMYVATYCQ1A\">Psyche. Ann\u00e4herung an die Geisteskranken in Afrika<\/a> ausgeliehen. Darin der so richtige Satz: &#8222;Jeder Krankheitsfall ist die Begegnung zweier geschichtlicher Abl\u00e4ufe: der Geschichte der Pers\u00f6nlichkeit und der Geschichte der Gesellschaft, in der die betreffende Person lebt.&#8220;<\/p>\n<p>Weil das alles eh schon so unfassbar schlimm war, habe ich dann auch noch gleich gelesen: <a href=\"http:\/\/www.amazon.de\/Vergessen-Vernichtung-selbst-Lebensgeschichten-nationalsozialistischen\/dp\/3835301462\/ref=sr_1_1?ie=UTF8&amp;qid=1299146673&amp;sr=1-1\">Das Vergessen der Vernichtung ist Teil der Vernichtung selbst. Lebensgeschichten von Opfern der nationalsozialistischen \u201aEuthanasie\u2019,<\/a> ein umfangreicher Einblick in die Funktionsweise und Durchf\u00fchrung der Aktion T4. Darin erw\u00e4hnt: Kafkas Diktum der B\u00fccher, die die Axt f\u00fcr das gefrorene Meer in uns sind, aber was man dann macht, wenn die Axt in B\u00fcchern, Artikeln und Dokumentationen das Eis zerhackt, da bin ich <a href=\"http:\/\/www.spiegel.de\/netzwelt\/web\/0,1518,748536,00.html\">auch ratlos<\/a>.<\/p>\n","protected":false},"excerpt":{"rendered":"<p>In der Reihe &#8222;World\u2019s Untold Stories&#8220; zeigt CNN im Moment einen schwer anzusehenden Dreiteiler: Locked Up and Forgotten \u00fcber geistig behinderte Menschen in Kenia. [#] Gleichzeitig kommt immer mehr dar\u00fcber heraus, wie in den USA noch bis vor 40 Jahren an Behinderten und Gefangenen medizinisch experimentiert wurde: Past medical testing on humans revealed Die LA [&hellip;]<\/p>\n","protected":false},"author":1,"featured_media":0,"comment_status":"open","ping_status":"open","sticky":false,"template":"","format":"standard","meta":{"footnotes":""},"categories":[21],"tags":[],"class_list":["post-1785","post","type-post","status-publish","format-standard","hentry","category-ethik"],"_links":{"self":[{"href":"https:\/\/gedankentraeger.de\/index.php?rest_route=\/wp\/v2\/posts\/1785"}],"collection":[{"href":"https:\/\/gedankentraeger.de\/index.php?rest_route=\/wp\/v2\/posts"}],"about":[{"href":"https:\/\/gedankentraeger.de\/index.php?rest_route=\/wp\/v2\/types\/post"}],"author":[{"embeddable":true,"href":"https:\/\/gedankentraeger.de\/index.php?rest_route=\/wp\/v2\/users\/1"}],"replies":[{"embeddable":true,"href":"https:\/\/gedankentraeger.de\/index.php?rest_route=%2Fwp%2Fv2%2Fcomments&post=1785"}],"version-history":[{"count":1,"href":"https:\/\/gedankentraeger.de\/index.php?rest_route=\/wp\/v2\/posts\/1785\/revisions"}],"predecessor-version":[{"id":4089,"href":"https:\/\/gedankentraeger.de\/index.php?rest_route=\/wp\/v2\/posts\/1785\/revisions\/4089"}],"wp:attachment":[{"href":"https:\/\/gedankentraeger.de\/index.php?rest_route=%2Fwp%2Fv2%2Fmedia&parent=1785"}],"wp:term":[{"taxonomy":"category","embeddable":true,"href":"https:\/\/gedankentraeger.de\/index.php?rest_route=%2Fwp%2Fv2%2Fcategories&post=1785"},{"taxonomy":"post_tag","embeddable":true,"href":"https:\/\/gedankentraeger.de\/index.php?rest_route=%2Fwp%2Fv2%2Ftags&post=1785"}],"curies":[{"name":"wp","href":"https:\/\/api.w.org\/{rel}","templated":true}]}}