{"id":2085,"date":"2011-06-01T11:40:34","date_gmt":"2011-06-01T09:40:34","guid":{"rendered":"http:\/\/gedankentraeger.de\/?p=2085"},"modified":"2014-06-21T18:00:55","modified_gmt":"2014-06-21T17:00:55","slug":"padagogik-paradox","status":"publish","type":"post","link":"https:\/\/gedankentraeger.de\/?p=2085","title":{"rendered":"p\u00e4dagogik paradox."},"content":{"rendered":"<p><a href=\"http:\/\/www.spiegel.de\/schulspiegel\/0,1518,765335,00.html\">Autisten-Schule schmei\u00dft autistischen Jungen raus<\/a>: Es ist nicht das erste Mal, bei Weitem nicht, John hatten sie gar nicht erst genommen, es gibt andere Kinder, die aus den Autistenschulen als unbeschulbar hinausgeworfen und danach in F\u00fcrstenwalde bestens beschult wurden. Mir f\u00e4llt ein Stein vom Herzen, endlich \u00f6ffentliche Aufmerksamkeit gegen\u00fcber der fragw\u00fcrdigen Praxis des Berliner Landesverbands von &#8222;Autismus Deutschland&#8220;, F\u00f6rdergelder einzustreichen und dann die Kinder, f\u00fcr die es diese F\u00f6rdergelder gibt, nicht zu beschulen. Danke, Christian F\u00fcller und danke, Spiegel.<\/p>\n<p>(Es ist merkw\u00fcrdig zu lesen, wie eine andere Familie genau das gleiche durchmacht, wie wir es hinter uns haben. Ich hatte mit der Mutter letztens lange telefoniert, ihr Kind wird wie John den Weg nach F\u00fcrstenwalde gehen.)<\/p>\n","protected":false},"excerpt":{"rendered":"<p>Autisten-Schule schmei\u00dft autistischen Jungen raus: Es ist nicht das erste Mal, bei Weitem nicht, John hatten sie gar nicht erst genommen, es gibt andere Kinder, die aus den Autistenschulen als unbeschulbar hinausgeworfen und danach in F\u00fcrstenwalde bestens beschult wurden. Mir f\u00e4llt ein Stein vom Herzen, endlich \u00f6ffentliche Aufmerksamkeit gegen\u00fcber der fragw\u00fcrdigen Praxis des Berliner Landesverbands [&hellip;]<\/p>\n","protected":false},"author":1,"featured_media":0,"comment_status":"open","ping_status":"open","sticky":false,"template":"","format":"standard","meta":{"footnotes":""},"categories":[23],"tags":[],"class_list":["post-2085","post","type-post","status-publish","format-standard","hentry","category-autismus"],"_links":{"self":[{"href":"https:\/\/gedankentraeger.de\/index.php?rest_route=\/wp\/v2\/posts\/2085"}],"collection":[{"href":"https:\/\/gedankentraeger.de\/index.php?rest_route=\/wp\/v2\/posts"}],"about":[{"href":"https:\/\/gedankentraeger.de\/index.php?rest_route=\/wp\/v2\/types\/post"}],"author":[{"embeddable":true,"href":"https:\/\/gedankentraeger.de\/index.php?rest_route=\/wp\/v2\/users\/1"}],"replies":[{"embeddable":true,"href":"https:\/\/gedankentraeger.de\/index.php?rest_route=%2Fwp%2Fv2%2Fcomments&post=2085"}],"version-history":[{"count":2,"href":"https:\/\/gedankentraeger.de\/index.php?rest_route=\/wp\/v2\/posts\/2085\/revisions"}],"predecessor-version":[{"id":4069,"href":"https:\/\/gedankentraeger.de\/index.php?rest_route=\/wp\/v2\/posts\/2085\/revisions\/4069"}],"wp:attachment":[{"href":"https:\/\/gedankentraeger.de\/index.php?rest_route=%2Fwp%2Fv2%2Fmedia&parent=2085"}],"wp:term":[{"taxonomy":"category","embeddable":true,"href":"https:\/\/gedankentraeger.de\/index.php?rest_route=%2Fwp%2Fv2%2Fcategories&post=2085"},{"taxonomy":"post_tag","embeddable":true,"href":"https:\/\/gedankentraeger.de\/index.php?rest_route=%2Fwp%2Fv2%2Ftags&post=2085"}],"curies":[{"name":"wp","href":"https:\/\/api.w.org\/{rel}","templated":true}]}}