{"id":2515,"date":"2012-01-17T10:52:20","date_gmt":"2012-01-17T08:52:20","guid":{"rendered":"http:\/\/gedankentraeger.de\/?p=2515"},"modified":"2012-01-17T10:52:20","modified_gmt":"2012-01-17T08:52:20","slug":"dass-es-dich-gibt","status":"publish","type":"post","link":"https:\/\/gedankentraeger.de\/?p=2515","title":{"rendered":"dass es dich gibt."},"content":{"rendered":"<p>&#8222;Kinder gibt es viele in unserem Freundeskreis, behinderte Kinder nicht. K\u00f6rperlich oder geistig Behinderte sehen wir ab und zu auf der Stra\u00dfe und sehen sie doch nicht. Ich will nicht starren und schaue lieber weg. [&#8230;] Ich sitze auf dem Sofa, in die Wolldecke gewickelt, und versuche, nicht an den schwarzen Fleck in Lottas Kopf zu denken. Wird unser Baby \u00fcberleben? Wenn ja, wie? Gibt es ein Leben, das schlimmer ist als der Tod? Die Fragen sind so gro\u00df, dass ich sie nicht \u00fcber die Lippen kriege, sie bleiben als dumpfes Gef\u00fchl im Magen h\u00e4ngen. Abends wird es sehr still bei uns.&#8220; [<a href=\"http:\/\/www.zeit.de\/2012\/03\/Kind-Behinderung\/komplettansicht\">#<\/a>]<\/p>\n","protected":false},"excerpt":{"rendered":"<p>&#8222;Kinder gibt es viele in unserem Freundeskreis, behinderte Kinder nicht. K\u00f6rperlich oder geistig Behinderte sehen wir ab und zu auf der Stra\u00dfe und sehen sie doch nicht. Ich will nicht starren und schaue lieber weg. [&#8230;] Ich sitze auf dem Sofa, in die Wolldecke gewickelt, und versuche, nicht an den schwarzen Fleck in Lottas Kopf [&hellip;]<\/p>\n","protected":false},"author":1,"featured_media":0,"comment_status":"open","ping_status":"open","sticky":false,"template":"","format":"standard","meta":{"footnotes":""},"categories":[19],"tags":[],"class_list":["post-2515","post","type-post","status-publish","format-standard","hentry","category-empfehlung"],"_links":{"self":[{"href":"https:\/\/gedankentraeger.de\/index.php?rest_route=\/wp\/v2\/posts\/2515"}],"collection":[{"href":"https:\/\/gedankentraeger.de\/index.php?rest_route=\/wp\/v2\/posts"}],"about":[{"href":"https:\/\/gedankentraeger.de\/index.php?rest_route=\/wp\/v2\/types\/post"}],"author":[{"embeddable":true,"href":"https:\/\/gedankentraeger.de\/index.php?rest_route=\/wp\/v2\/users\/1"}],"replies":[{"embeddable":true,"href":"https:\/\/gedankentraeger.de\/index.php?rest_route=%2Fwp%2Fv2%2Fcomments&post=2515"}],"version-history":[{"count":1,"href":"https:\/\/gedankentraeger.de\/index.php?rest_route=\/wp\/v2\/posts\/2515\/revisions"}],"predecessor-version":[{"id":2516,"href":"https:\/\/gedankentraeger.de\/index.php?rest_route=\/wp\/v2\/posts\/2515\/revisions\/2516"}],"wp:attachment":[{"href":"https:\/\/gedankentraeger.de\/index.php?rest_route=%2Fwp%2Fv2%2Fmedia&parent=2515"}],"wp:term":[{"taxonomy":"category","embeddable":true,"href":"https:\/\/gedankentraeger.de\/index.php?rest_route=%2Fwp%2Fv2%2Fcategories&post=2515"},{"taxonomy":"post_tag","embeddable":true,"href":"https:\/\/gedankentraeger.de\/index.php?rest_route=%2Fwp%2Fv2%2Ftags&post=2515"}],"curies":[{"name":"wp","href":"https:\/\/api.w.org\/{rel}","templated":true}]}}