{"id":2678,"date":"2012-03-03T09:39:24","date_gmt":"2012-03-03T07:39:24","guid":{"rendered":"http:\/\/gedankentraeger.de\/?p=2678"},"modified":"2012-03-03T10:19:37","modified_gmt":"2012-03-03T08:19:37","slug":"erleben","status":"publish","type":"post","link":"https:\/\/gedankentraeger.de\/?p=2678","title":{"rendered":"erleben."},"content":{"rendered":"<p>&#8222;Soweit meine Erinnerung zur\u00fcckreicht, hat mir die Intensit\u00e4t des Lebens schon immer Schmerzen bereitet. Ich habe sehr fr\u00fch verstanden, dass ich in einer Kultur lebe, die Trennung und Abnabelung trainiert. Doch selbst als erwachsene Frau hat alles um mich herum eine Pers\u00f6nlichkeit, von Brombeerbl\u00e4ttern bis hin zu Biegungen des Baches, alles um mich herum sind Resonanzen, erweiterte Bilder von mir selbst. Meine Welt ist ein Ort, an dem die Menschen gleichzeitig zu sch\u00f6n und zu schrecklich anzusehen sind, ihre M\u00fcnder sprechen Worte, die ich manchmal nicht h\u00f6re, aber ich h\u00f6re, wie ihr Herz zerbricht. Ich frage mich, wie die Welt es schafft, nicht taub zu werden vom L\u00e4rm aufgeregter Herzen und vom Get\u00f6se unvergossener Tr\u00e4nen und ungeweinter Freude.&#8220;<\/p>\n<p>[Dawn Eddings Prince, Autistin, in: Ethos. Journal of the Society for Psychological Anthropology, Vol. 38, Issue 1, 2010.]<\/p>\n<p>(Dieses Zitat habe ich in der Recherche zu meinem Autismusbuch gefunden. Nur so viel nochmal zur angeblich eigenen Welt, in der Autisten leben.)<\/p>\n","protected":false},"excerpt":{"rendered":"<p>&#8222;Soweit meine Erinnerung zur\u00fcckreicht, hat mir die Intensit\u00e4t des Lebens schon immer Schmerzen bereitet. Ich habe sehr fr\u00fch verstanden, dass ich in einer Kultur lebe, die Trennung und Abnabelung trainiert. Doch selbst als erwachsene Frau hat alles um mich herum eine Pers\u00f6nlichkeit, von Brombeerbl\u00e4ttern bis hin zu Biegungen des Baches, alles um mich herum sind [&hellip;]<\/p>\n","protected":false},"author":1,"featured_media":0,"comment_status":"open","ping_status":"open","sticky":false,"template":"","format":"standard","meta":{"footnotes":""},"categories":[23],"tags":[],"class_list":["post-2678","post","type-post","status-publish","format-standard","hentry","category-autismus"],"_links":{"self":[{"href":"https:\/\/gedankentraeger.de\/index.php?rest_route=\/wp\/v2\/posts\/2678"}],"collection":[{"href":"https:\/\/gedankentraeger.de\/index.php?rest_route=\/wp\/v2\/posts"}],"about":[{"href":"https:\/\/gedankentraeger.de\/index.php?rest_route=\/wp\/v2\/types\/post"}],"author":[{"embeddable":true,"href":"https:\/\/gedankentraeger.de\/index.php?rest_route=\/wp\/v2\/users\/1"}],"replies":[{"embeddable":true,"href":"https:\/\/gedankentraeger.de\/index.php?rest_route=%2Fwp%2Fv2%2Fcomments&post=2678"}],"version-history":[{"count":4,"href":"https:\/\/gedankentraeger.de\/index.php?rest_route=\/wp\/v2\/posts\/2678\/revisions"}],"predecessor-version":[{"id":2682,"href":"https:\/\/gedankentraeger.de\/index.php?rest_route=\/wp\/v2\/posts\/2678\/revisions\/2682"}],"wp:attachment":[{"href":"https:\/\/gedankentraeger.de\/index.php?rest_route=%2Fwp%2Fv2%2Fmedia&parent=2678"}],"wp:term":[{"taxonomy":"category","embeddable":true,"href":"https:\/\/gedankentraeger.de\/index.php?rest_route=%2Fwp%2Fv2%2Fcategories&post=2678"},{"taxonomy":"post_tag","embeddable":true,"href":"https:\/\/gedankentraeger.de\/index.php?rest_route=%2Fwp%2Fv2%2Ftags&post=2678"}],"curies":[{"name":"wp","href":"https:\/\/api.w.org\/{rel}","templated":true}]}}