{"id":2683,"date":"2012-03-05T17:30:29","date_gmt":"2012-03-05T15:30:29","guid":{"rendered":"http:\/\/gedankentraeger.de\/?p=2683"},"modified":"2012-03-05T17:30:29","modified_gmt":"2012-03-05T15:30:29","slug":"priceless-moments-am-wochenende","status":"publish","type":"post","link":"https:\/\/gedankentraeger.de\/?p=2683","title":{"rendered":"priceless moments am wochenende."},"content":{"rendered":"<p>Vater und Sohn auf dem Sofa, Scott spielt Gitarre und singt Paul McCartney\u2019s <a href=\"http:\/\/www.youtube.com\/watch?v=4_5H42OahI8\">Put It There<\/a>, John schmiegt sich an ihn an.<\/p>\n<p>~<\/p>\n<p>[Sowieso totaler Musik-Fan wieder im Moment, das Kind. Ich frage ihn: &#8222;Willst Du tanzen?,&#8220; dann kommt er angelaufen und stellt sich auf meine F\u00fc\u00dfe, f\u00fcr ihn hei\u00dft tanzen, dass er sich beim anderen auf die F\u00fc\u00dfe stellt und so f\u00fchren l\u00e4sst. Was zunehmend schwierig wird.]<\/p>\n<p>~<\/p>\n<p>Gestern auf dem R\u00fcckweg vom Mauerpark auf dem Spielplatz an der Gleimstra\u00dfe, alle vier Schaukeln besetzt, wir stellen uns an, John ganz geduldig zuerst, als sich dann aber vielleicht zwei Minuten lang nichts tut, f\u00e4ngt er an, sich heftig in die Hand zu bei\u00dfen, ich frage die Kinder, ob einer vielleicht John schaukeln lassen w\u00fcrde, drei sehen weg und tun so, als h\u00e4tten sie mich nicht geh\u00f6rt, einer springt von der Schaukel und ruft: &#8222;Ich mach das! Ich lass ihn gerne schaukeln!&#8220;<\/p>\n","protected":false},"excerpt":{"rendered":"<p>Vater und Sohn auf dem Sofa, Scott spielt Gitarre und singt Paul McCartney\u2019s Put It There, John schmiegt sich an ihn an. ~ [Sowieso totaler Musik-Fan wieder im Moment, das Kind. Ich frage ihn: &#8222;Willst Du tanzen?,&#8220; dann kommt er angelaufen und stellt sich auf meine F\u00fc\u00dfe, f\u00fcr ihn hei\u00dft tanzen, dass er sich beim [&hellip;]<\/p>\n","protected":false},"author":1,"featured_media":0,"comment_status":"open","ping_status":"open","sticky":false,"template":"","format":"standard","meta":{"footnotes":""},"categories":[20],"tags":[],"class_list":["post-2683","post","type-post","status-publish","format-standard","hentry","category-jfk"],"_links":{"self":[{"href":"https:\/\/gedankentraeger.de\/index.php?rest_route=\/wp\/v2\/posts\/2683"}],"collection":[{"href":"https:\/\/gedankentraeger.de\/index.php?rest_route=\/wp\/v2\/posts"}],"about":[{"href":"https:\/\/gedankentraeger.de\/index.php?rest_route=\/wp\/v2\/types\/post"}],"author":[{"embeddable":true,"href":"https:\/\/gedankentraeger.de\/index.php?rest_route=\/wp\/v2\/users\/1"}],"replies":[{"embeddable":true,"href":"https:\/\/gedankentraeger.de\/index.php?rest_route=%2Fwp%2Fv2%2Fcomments&post=2683"}],"version-history":[{"count":1,"href":"https:\/\/gedankentraeger.de\/index.php?rest_route=\/wp\/v2\/posts\/2683\/revisions"}],"predecessor-version":[{"id":2684,"href":"https:\/\/gedankentraeger.de\/index.php?rest_route=\/wp\/v2\/posts\/2683\/revisions\/2684"}],"wp:attachment":[{"href":"https:\/\/gedankentraeger.de\/index.php?rest_route=%2Fwp%2Fv2%2Fmedia&parent=2683"}],"wp:term":[{"taxonomy":"category","embeddable":true,"href":"https:\/\/gedankentraeger.de\/index.php?rest_route=%2Fwp%2Fv2%2Fcategories&post=2683"},{"taxonomy":"post_tag","embeddable":true,"href":"https:\/\/gedankentraeger.de\/index.php?rest_route=%2Fwp%2Fv2%2Ftags&post=2683"}],"curies":[{"name":"wp","href":"https:\/\/api.w.org\/{rel}","templated":true}]}}