{"id":281,"date":"2008-10-29T20:18:51","date_gmt":"2008-10-29T18:18:51","guid":{"rendered":"http:\/\/gedankentraeger.de\/?p=281"},"modified":"2008-10-29T20:18:51","modified_gmt":"2008-10-29T18:18:51","slug":"der-anwalt-vor-gericht","status":"publish","type":"post","link":"https:\/\/gedankentraeger.de\/?p=281","title":{"rendered":"der anwalt vor gericht."},"content":{"rendered":"<p class=\"artikeltext\"><span style=\"font-family: Helvetica,Arial,Lucida;\"><a href=\"http:\/\/www.taz.de\/regional\/nord\/nord-aktuell\/artikel\/1\/der-anwalt-vor-gericht\/\">Wenn gar nichts mehr geht, dann klagen die Beh\u00f6rden den Anwalt an, der versucht, seinen Klienten Recht zu verschaffen:<\/a> &#8222;Regelm\u00e4\u00dfig setzten die Beh\u00f6rden vor die Gew\u00e4hrung von Sozialleistungen hohe H\u00fcrden. So hoch, dass sie vielen Behinderten verwehrt blieben. Der Fall der beiden Kinder etwa, an deren Verfahren sich der Streit zwischen den Beh\u00f6rden und Kroll entz\u00fcndet hatte, w\u00e4re beinahe so verlaufen, dass der Landkreis Oldenburg Geld gespart h\u00e4tte, den Kindern aber daf\u00fcr nicht entsprechend ihrer Behinderung geholfen worden w\u00e4re. Die Schulbeh\u00f6rde hatte den Eltern gesagt, vor Antrag auf Eingliederungshilfe f\u00fcr den Besuch einer Regelschule m\u00fcsse ein Gutachten \u00fcber den sonderp\u00e4dagogischen F\u00f6rderbedarf gestellt werden &#8211; dessen Ergebnis in einem der F\u00e4lle dazu gef\u00fchrt hatte, dass das Kind auf eine F\u00f6rderschule f\u00fcr K\u00f6rperbehinderte gehen sollte, deren Lehrer nach Angaben des damaligen Schulleiters mit Autisten \u00fcberfordert waren. Kroll erst wies die Eltern darauf hin, dass ihnen Unwahres gesagt worden war. Das sonderp\u00e4dagogische Gutachten sei nicht verpflichtend, vor Gericht erstritt er dann die erhoffte Zahl an Betreuungsstunden, die der Landkreis nun finanzieren muss. Kroll vermutet ein &#8222;Stillschweigeabkommen zwischen Sozial- und Schulbeh\u00f6rden mit dem Ziel, die Kinder in die mit Landesmitteln finanzierten F\u00f6rderschulen abzuschieben&#8220;.<\/span><\/p>\n","protected":false},"excerpt":{"rendered":"<p>Wenn gar nichts mehr geht, dann klagen die Beh\u00f6rden den Anwalt an, der versucht, seinen Klienten Recht zu verschaffen: &#8222;Regelm\u00e4\u00dfig setzten die Beh\u00f6rden vor die Gew\u00e4hrung von Sozialleistungen hohe H\u00fcrden. So hoch, dass sie vielen Behinderten verwehrt blieben. Der Fall der beiden Kinder etwa, an deren Verfahren sich der Streit zwischen den Beh\u00f6rden und Kroll [&hellip;]<\/p>\n","protected":false},"author":1,"featured_media":0,"comment_status":"open","ping_status":"closed","sticky":false,"template":"","format":"standard","meta":{"footnotes":""},"categories":[23],"tags":[],"class_list":["post-281","post","type-post","status-publish","format-standard","hentry","category-autismus"],"_links":{"self":[{"href":"https:\/\/gedankentraeger.de\/index.php?rest_route=\/wp\/v2\/posts\/281"}],"collection":[{"href":"https:\/\/gedankentraeger.de\/index.php?rest_route=\/wp\/v2\/posts"}],"about":[{"href":"https:\/\/gedankentraeger.de\/index.php?rest_route=\/wp\/v2\/types\/post"}],"author":[{"embeddable":true,"href":"https:\/\/gedankentraeger.de\/index.php?rest_route=\/wp\/v2\/users\/1"}],"replies":[{"embeddable":true,"href":"https:\/\/gedankentraeger.de\/index.php?rest_route=%2Fwp%2Fv2%2Fcomments&post=281"}],"version-history":[{"count":0,"href":"https:\/\/gedankentraeger.de\/index.php?rest_route=\/wp\/v2\/posts\/281\/revisions"}],"wp:attachment":[{"href":"https:\/\/gedankentraeger.de\/index.php?rest_route=%2Fwp%2Fv2%2Fmedia&parent=281"}],"wp:term":[{"taxonomy":"category","embeddable":true,"href":"https:\/\/gedankentraeger.de\/index.php?rest_route=%2Fwp%2Fv2%2Fcategories&post=281"},{"taxonomy":"post_tag","embeddable":true,"href":"https:\/\/gedankentraeger.de\/index.php?rest_route=%2Fwp%2Fv2%2Ftags&post=281"}],"curies":[{"name":"wp","href":"https:\/\/api.w.org\/{rel}","templated":true}]}}