{"id":3323,"date":"2013-06-13T16:27:47","date_gmt":"2013-06-13T14:27:47","guid":{"rendered":"http:\/\/gedankentraeger.de\/?p=3323"},"modified":"2013-07-12T14:02:31","modified_gmt":"2013-07-12T12:02:31","slug":"tddl-2013-autoren-und-juroren","status":"publish","type":"post","link":"https:\/\/gedankentraeger.de\/?p=3323","title":{"rendered":"tddl 2013 [autoren und juroren]."},"content":{"rendered":"<p>Es ist bald wieder soweit, der <a href=\"http:\/\/bachmannpreis.eu\/\">Bachmannpreis<\/a> naht. Hier eine \u00dcbersicht, welche Jurorin welche Autorin eingeladen hat [Ausprobieren des generischen Femininums].<\/p>\n<p>~<\/p>\n<p>Larissa Boehning: Meike Fe\u00dfmann<br \/>Hannah D\u00fcbgen: Juri Steiner<br \/>Roman Ehrlich: Paul Jandl<br \/>Verena G\u00fcntner: Paul Jandl<br \/>Heinz Helle: Daniela Strigl<br \/>Nadine Kegele: Burkhard Spinnen<br \/>Benjamin Maack: Hubert Winkels<br \/>Nikola Anne Mehlhorn: Juri Steiner<br \/>Joachim Meyerhoff: Hildegard E. Keller<br \/>Anousch M\u00fcller: Meike Fe\u00dfmann<br \/>Katja Petrowskaja: Hildegard E. Keller<br \/>Z\u00e9 do Rock: Burkhard Spinnen<br \/>Philipp Sch\u00f6nthaler: Hubert Winkels<br \/>Cordula Simon: Daniela Strigl<\/p>\n<p>~<\/p>\n<p><a title=\"#tddl13\" href=\"http:\/\/www.flickr.com\/photos\/44263469@N07\/9015208444\/\" rel=\"\"><img loading=\"lazy\" decoding=\"async\" title=\"#tddl13\" src=\"http:\/\/farm8.staticflickr.com\/7282\/9015208444_0b000492a4_n.jpg\" alt=\"#tddl13\" width=\"320\" height=\"240\" \/><\/a><\/p>\n<p>Ich habe mir sechs B\u00fccher aus der Berliner Bibliothek mit nach Prag genommen, wo ich meine Zeit gerade mit einer Gruppe alternder Blumenkinder verbringe, denn meine Reisegruppe besteht komplett aus Berkeley-Alumni. Als ich heute eine Dame fragte, wie es ihr gehe, sagte sie: &#8222;I feel a little discombombulated today.&#8220; Das ist doch mal eine onomatopoetische Antwort. &#8222;I feel a little discombombulated today,&#8220; das sage ich demn\u00e4chst auch mal. Bisher habe ich nur ein Buch f\u00fcr den Bewerb gelesen, n\u00e4mlich den kleinen Band &#8222;Salzflut&#8220; von Nikola Anne Mehlhorn, eingeladen vom neuen Jury-Mitglied Juri Steiner. Leider hat mir &#8222;Salzflut&#8220; gar nicht gefallen, mehr dazu vielleicht sp\u00e4ter noch.<\/p>\n","protected":false},"excerpt":{"rendered":"<p>Es ist bald wieder soweit, der Bachmannpreis naht. Hier eine \u00dcbersicht, welche Jurorin welche Autorin eingeladen hat [Ausprobieren des generischen Femininums]. ~ Larissa Boehning: Meike Fe\u00dfmannHannah D\u00fcbgen: Juri SteinerRoman Ehrlich: Paul JandlVerena G\u00fcntner: Paul JandlHeinz Helle: Daniela StriglNadine Kegele: Burkhard SpinnenBenjamin Maack: Hubert WinkelsNikola Anne Mehlhorn: Juri SteinerJoachim Meyerhoff: Hildegard E. KellerAnousch M\u00fcller: Meike Fe\u00dfmannKatja [&hellip;]<\/p>\n","protected":false},"author":1,"featured_media":0,"comment_status":"open","ping_status":"open","sticky":false,"template":"","format":"standard","meta":{"footnotes":""},"categories":[12],"tags":[32],"class_list":["post-3323","post","type-post","status-publish","format-standard","hentry","category-buecher","tag-tddl"],"_links":{"self":[{"href":"https:\/\/gedankentraeger.de\/index.php?rest_route=\/wp\/v2\/posts\/3323"}],"collection":[{"href":"https:\/\/gedankentraeger.de\/index.php?rest_route=\/wp\/v2\/posts"}],"about":[{"href":"https:\/\/gedankentraeger.de\/index.php?rest_route=\/wp\/v2\/types\/post"}],"author":[{"embeddable":true,"href":"https:\/\/gedankentraeger.de\/index.php?rest_route=\/wp\/v2\/users\/1"}],"replies":[{"embeddable":true,"href":"https:\/\/gedankentraeger.de\/index.php?rest_route=%2Fwp%2Fv2%2Fcomments&post=3323"}],"version-history":[{"count":5,"href":"https:\/\/gedankentraeger.de\/index.php?rest_route=\/wp\/v2\/posts\/3323\/revisions"}],"predecessor-version":[{"id":3405,"href":"https:\/\/gedankentraeger.de\/index.php?rest_route=\/wp\/v2\/posts\/3323\/revisions\/3405"}],"wp:attachment":[{"href":"https:\/\/gedankentraeger.de\/index.php?rest_route=%2Fwp%2Fv2%2Fmedia&parent=3323"}],"wp:term":[{"taxonomy":"category","embeddable":true,"href":"https:\/\/gedankentraeger.de\/index.php?rest_route=%2Fwp%2Fv2%2Fcategories&post=3323"},{"taxonomy":"post_tag","embeddable":true,"href":"https:\/\/gedankentraeger.de\/index.php?rest_route=%2Fwp%2Fv2%2Ftags&post=3323"}],"curies":[{"name":"wp","href":"https:\/\/api.w.org\/{rel}","templated":true}]}}