{"id":3342,"date":"2013-06-16T21:26:59","date_gmt":"2013-06-16T19:26:59","guid":{"rendered":"http:\/\/gedankentraeger.de\/?p=3342"},"modified":"2013-06-16T21:27:59","modified_gmt":"2013-06-16T19:27:59","slug":"tddl-2013-autoren-veroffentlichungen","status":"publish","type":"post","link":"https:\/\/gedankentraeger.de\/?p=3342","title":{"rendered":"tddl 2013 [autoren &#038; ver\u00f6ffentlichungen]."},"content":{"rendered":"<p>Wenn ich mir die Autoren und ihre kommenden Ver\u00f6ffentlichungen ansehe, kann ich mich des Marketing-Eindrucks des Bewerbs nicht erwehren.<\/p>\n<p>Von Hannah D\u00fcbgen erscheint im August 2013: &#8222;Strom.&#8220;<br \/>Von Roman Ehrlich erscheint im August 2013: &#8222;Das kalte Jahr.&#8220;<br \/>Von Heinz Helle erscheint im Fr\u00fchjahr 2014: &#8222;Brixen.&#8220;<br \/>Von Anousch M\u00fcller erscheint im August 2013: &#8222;Brandstatt.&#8220;<br \/>Von Katja Petrowskaja erscheint im M\u00e4rz 2014: &#8222;Vielleicht Esther.&#8220;<br \/>Von Philipp Sch\u00f6nthaler erscheint im Juli 2013: &#8222;Das Schiff, das singend zieht auf seiner Bahn.&#8220;<\/p>\n<p>Ich finde es sehr verst\u00e4ndlich, dass die Verlage Autoren in den Bewerb zu bringen versuchen, von denen bald neue B\u00fccher erscheinen. Ein Preisgewinn-Sticker auf dem Cover l\u00e4sst die Verkaufzahlen sicher in die H\u00f6he schnellen. Ich w\u00fcnschte mir nur, dass die Juroren sich etwas unabh\u00e4ngiger davon machten, denn ihr Interesse ist doch (hoffentlich) ein anderes als das der Verlage. Mir scheint, Burkhard Spinnen setzt sich noch am meisten von der Kommerzialisierung ab.<\/p>\n<p>~<\/p>\n<p>Jedes Jahr ist es wieder ein Problem, dass im Bewerb so viele Romanausz\u00fcge gelesen werden. Jedes Jahr sto\u00dfen die Juroren an Grenzen in der Beurteilung von Texten, weil sie Fragmente nicht au\u00dferhalb ihres Zusammenhangs einsch\u00e4tzen k\u00f6nnen. So viele Diskussionen und Spekulationen hat es damit verbunden schon gegeben. Uns wird vielleicht in diesem Jahr nichts anderes erwarten. Nur in einem Fall der oben genannten sehe ich diese Gefahr nicht dr\u00e4uen, denn Heinz Helle hat Teile seines Romans &#8222;Brixen&#8220; <a href=\"http:\/\/www.literaturport.de\/index.php?id=28&amp;tid=637&amp;no_cache=1\">bereits ver\u00f6ffentlicht <\/a> und hat mit dem Romanprojekt auch <a href=\"http:\/\/lovegermanbooks.blogspot.cz\/2013\/05\/alfred-doblin-prize-to-sasa-stanisic.html\">am Alfred-D\u00f6blin-Preis teilgenommen<\/a> \u2013 zwei Ausschlusskriterien der Teilnahme-Statuten, er wird also einen anderen Text lesen. Bei den anderen wei\u00df man es noch nicht, aber ich erwarte nun wieder viele Romanausz\u00fcge.<\/p>\n<p>~<\/p>\n<p>Von Larissa Boehning m\u00f6glicherweise auch, denn sie las in letzter Zeit<a href=\"http:\/\/www.c-hain.de\/aktuelles.html\"> in einer Rechtsanwaltskanzlei,<\/a> sowie auch<a href=\"http:\/\/www.shz.de\/nachrichten\/lokales\/wilstersche-zeitung\/artikeldetails\/artikel\/unterhaltsame-lektuere-weckt-neugier.html\"> in Wewelsfleth<\/a> aus ihrem in Arbeit befindlichen, aber noch unver\u00f6ffentlichten Roman &#8222;Zucker.&#8220; Die Geschichte wird so beschrieben: &#8222;Juliane verliebt sich in Mattis. Der entzieht sich ihr und erschleicht erst das Vertrauen, die Liebe und dann das Verm\u00f6gen von Annemarie, die vom Alter her seine Mutter sein k\u00f6nnte.&#8220; Huch, klingt wie eine Telenovela.<\/p>\n<p>~<\/p>\n<p>Nikola Anne Mehlhorn liest <a href=\"http:\/\/www.nikola-anne-mehlhorn.de\/Aktuelles\/\">laut ihrer Website<\/a> einen Text mit dem Titel &#8222;Requiem der Vierzigj\u00e4hrigen.&#8220; Das macht mir ein bisschen Angst, weil es so nach Mittvierzigerblues einer wohlsituierten Akademikerfrau klingt, die sp\u00e4t Mutter wurde und irgendwelche Sorgen daraus konstruiert. In der Zwischenzeit fand ich aber <a href=\"http:\/\/www.literaturport.de\/fileadmin\/bilder\/autoren\/1073\/Weblesung%20aus%20Salzflut%202008.mp3\">eine H\u00f6rdatei von &#8222;Salzflut,&#8220;<\/a> die mir besser gefiel als der Staccato-Text der kurzen S\u00e4tze. Es klingt vorgelesen f\u00fcr mich sehr anders. (Frage mich, warum sie es nicht so schreibt, wie sie es liest.)<\/p>\n<p>~<\/p>\n<p>Sch\u00f6nes Weblog von Anousch M\u00fcller, habe ich gleich abonniert. [<a href=\"http:\/\/anousch.net\/\">#<\/a>]<\/p>\n","protected":false},"excerpt":{"rendered":"<p>Wenn ich mir die Autoren und ihre kommenden Ver\u00f6ffentlichungen ansehe, kann ich mich des Marketing-Eindrucks des Bewerbs nicht erwehren. Von Hannah D\u00fcbgen erscheint im August 2013: &#8222;Strom.&#8220;Von Roman Ehrlich erscheint im August 2013: &#8222;Das kalte Jahr.&#8220;Von Heinz Helle erscheint im Fr\u00fchjahr 2014: &#8222;Brixen.&#8220;Von Anousch M\u00fcller erscheint im August 2013: &#8222;Brandstatt.&#8220;Von Katja Petrowskaja erscheint im M\u00e4rz [&hellip;]<\/p>\n","protected":false},"author":1,"featured_media":0,"comment_status":"open","ping_status":"open","sticky":false,"template":"","format":"standard","meta":{"footnotes":""},"categories":[12],"tags":[32],"class_list":["post-3342","post","type-post","status-publish","format-standard","hentry","category-buecher","tag-tddl"],"_links":{"self":[{"href":"https:\/\/gedankentraeger.de\/index.php?rest_route=\/wp\/v2\/posts\/3342"}],"collection":[{"href":"https:\/\/gedankentraeger.de\/index.php?rest_route=\/wp\/v2\/posts"}],"about":[{"href":"https:\/\/gedankentraeger.de\/index.php?rest_route=\/wp\/v2\/types\/post"}],"author":[{"embeddable":true,"href":"https:\/\/gedankentraeger.de\/index.php?rest_route=\/wp\/v2\/users\/1"}],"replies":[{"embeddable":true,"href":"https:\/\/gedankentraeger.de\/index.php?rest_route=%2Fwp%2Fv2%2Fcomments&post=3342"}],"version-history":[{"count":5,"href":"https:\/\/gedankentraeger.de\/index.php?rest_route=\/wp\/v2\/posts\/3342\/revisions"}],"predecessor-version":[{"id":3351,"href":"https:\/\/gedankentraeger.de\/index.php?rest_route=\/wp\/v2\/posts\/3342\/revisions\/3351"}],"wp:attachment":[{"href":"https:\/\/gedankentraeger.de\/index.php?rest_route=%2Fwp%2Fv2%2Fmedia&parent=3342"}],"wp:term":[{"taxonomy":"category","embeddable":true,"href":"https:\/\/gedankentraeger.de\/index.php?rest_route=%2Fwp%2Fv2%2Fcategories&post=3342"},{"taxonomy":"post_tag","embeddable":true,"href":"https:\/\/gedankentraeger.de\/index.php?rest_route=%2Fwp%2Fv2%2Ftags&post=3342"}],"curies":[{"name":"wp","href":"https:\/\/api.w.org\/{rel}","templated":true}]}}