{"id":3360,"date":"2013-06-21T10:00:19","date_gmt":"2013-06-21T08:00:19","guid":{"rendered":"http:\/\/gedankentraeger.de\/?p=3360"},"modified":"2013-06-20T17:18:35","modified_gmt":"2013-06-20T15:18:35","slug":"john-jetzt-auch-mit-autovervollstandigen-funktion","status":"publish","type":"post","link":"https:\/\/gedankentraeger.de\/?p=3360","title":{"rendered":"john jetzt auch mit autovervollst\u00e4ndigen-funktion."},"content":{"rendered":"<p>&#8222;M\u00f6chtest Du ein\u2026?&#8220;<br \/>&#8222;M\u00f6chtest Du mit\u2026?&#8220;<br \/>&#8222;M\u00f6chtest Du in\u2026?&#8220;<\/p>\n<p>Wir haben festgestellt, dass wir nur diese drei Satzanf\u00e4nge zu sagen brauchen und John geht schon los in die entsprechende Richtung: in die K\u00fcche, zur Bank, auf der wir seine Schuhe anziehen, oder ins Bad. Denn so lauten die viel benutzten S\u00e4tze in unserem Haus vollst\u00e4ndig:<\/p>\n<p>&#8222;M\u00f6chtest Du ein\u2026 Eis?&#8220;<br \/>&#8222;M\u00f6chtest Du mit\u2026 dem Auto fahren?&#8220;<br \/>&#8222;M\u00f6chtest Du in\u2026 die Badewanne?&#8220;<\/p>\n<p>Wir sagen jetzt aber immer nur noch:<\/p>\n<p>&#8222;M\u00f6chtest Du ein&#8230;?&#8220;<br \/>&#8222;M\u00f6chtest Du mit&#8230;?&#8220;<br \/>&#8222;M\u00f6chtest Du in&#8230;?&#8220;<\/p>\n","protected":false},"excerpt":{"rendered":"<p>&#8222;M\u00f6chtest Du ein\u2026?&#8220;&#8222;M\u00f6chtest Du mit\u2026?&#8220;&#8222;M\u00f6chtest Du in\u2026?&#8220; Wir haben festgestellt, dass wir nur diese drei Satzanf\u00e4nge zu sagen brauchen und John geht schon los in die entsprechende Richtung: in die K\u00fcche, zur Bank, auf der wir seine Schuhe anziehen, oder ins Bad. Denn so lauten die viel benutzten S\u00e4tze in unserem Haus vollst\u00e4ndig: &#8222;M\u00f6chtest Du [&hellip;]<\/p>\n","protected":false},"author":1,"featured_media":0,"comment_status":"open","ping_status":"open","sticky":false,"template":"","format":"standard","meta":{"footnotes":""},"categories":[23,20],"tags":[],"class_list":["post-3360","post","type-post","status-publish","format-standard","hentry","category-autismus","category-jfk"],"_links":{"self":[{"href":"https:\/\/gedankentraeger.de\/index.php?rest_route=\/wp\/v2\/posts\/3360"}],"collection":[{"href":"https:\/\/gedankentraeger.de\/index.php?rest_route=\/wp\/v2\/posts"}],"about":[{"href":"https:\/\/gedankentraeger.de\/index.php?rest_route=\/wp\/v2\/types\/post"}],"author":[{"embeddable":true,"href":"https:\/\/gedankentraeger.de\/index.php?rest_route=\/wp\/v2\/users\/1"}],"replies":[{"embeddable":true,"href":"https:\/\/gedankentraeger.de\/index.php?rest_route=%2Fwp%2Fv2%2Fcomments&post=3360"}],"version-history":[{"count":4,"href":"https:\/\/gedankentraeger.de\/index.php?rest_route=\/wp\/v2\/posts\/3360\/revisions"}],"predecessor-version":[{"id":3363,"href":"https:\/\/gedankentraeger.de\/index.php?rest_route=\/wp\/v2\/posts\/3360\/revisions\/3363"}],"wp:attachment":[{"href":"https:\/\/gedankentraeger.de\/index.php?rest_route=%2Fwp%2Fv2%2Fmedia&parent=3360"}],"wp:term":[{"taxonomy":"category","embeddable":true,"href":"https:\/\/gedankentraeger.de\/index.php?rest_route=%2Fwp%2Fv2%2Fcategories&post=3360"},{"taxonomy":"post_tag","embeddable":true,"href":"https:\/\/gedankentraeger.de\/index.php?rest_route=%2Fwp%2Fv2%2Ftags&post=3360"}],"curies":[{"name":"wp","href":"https:\/\/api.w.org\/{rel}","templated":true}]}}