{"id":3392,"date":"2013-07-06T21:27:22","date_gmt":"2013-07-06T19:27:22","guid":{"rendered":"http:\/\/gedankentraeger.de\/?p=3392"},"modified":"2014-06-16T14:31:35","modified_gmt":"2014-06-16T13:31:35","slug":"tddl-2013-der-dritte-tag","status":"publish","type":"post","link":"https:\/\/gedankentraeger.de\/?p=3392","title":{"rendered":"tddl 2013 [der dritte tag]."},"content":{"rendered":"<p>Der dritte Tage war sehr gemischt, denn mit Hannah D\u00fcbgen gab es als Auftakt einen f\u00fcr mich sehr \u00e4rgerlichen, reaktion\u00e4ren, vor Klischees triefenden Text \u00fcber ein behindertes Kind. Ich hoffe inst\u00e4ndig, dass die Jury diesen Text nicht mit einem der Preise versehen wird. Das w\u00e4ren schlechte Nachrichten f\u00fcr die <em>Disability Community<\/em>. Leider taten sich in der anschlie\u00dfenden Diskussion auch bei der Jury schmerzhafte L\u00fccken in Wissen und Wahrnehmung auf.<\/p>\n<p>Es folgte ein sehr guter Text von Roman Ehrlich und darauf ein ziemlich guter von Benjamin Maack, auch wenn Letzterer mich dann doch nicht so sehr ber\u00fchrte. Zum Abschluss ging es mit Nikola Anne Mehlhorns Text noch einmal tief runter.<\/p>\n<p>Wie jeden Bachmannsamstag habe ich mir die Texte noch einmal angesehen und komme zum folgenden Schluss f\u00fcr meine pers\u00f6nliche Bewertung:<\/p>\n<p>1. Katja Petrowskaja<br \/>\n2. Joachim Meyerhoff<br \/>\n3. Roman Ehrlich<br \/>\n4. Benjamin Maack oder Verena G\u00fcntner (deren Text mir beim nochmaligen Lesen dann doch besser gefallen hat als Nadine Kegeles)<\/p>\n<p>[Nach der Diskussion zu urteilen wird die Jury m\u00f6glicherweise Heinz Helle mit einem Preis bedenken und Benjamin Maack h\u00f6her belohnen.]<\/p>\n","protected":false},"excerpt":{"rendered":"<p>Der dritte Tage war sehr gemischt, denn mit Hannah D\u00fcbgen gab es als Auftakt einen f\u00fcr mich sehr \u00e4rgerlichen, reaktion\u00e4ren, vor Klischees triefenden Text \u00fcber ein behindertes Kind. Ich hoffe inst\u00e4ndig, dass die Jury diesen Text nicht mit einem der Preise versehen wird. Das w\u00e4ren schlechte Nachrichten f\u00fcr die Disability Community. Leider taten sich in [&hellip;]<\/p>\n","protected":false},"author":1,"featured_media":0,"comment_status":"open","ping_status":"open","sticky":false,"template":"","format":"standard","meta":{"footnotes":""},"categories":[12],"tags":[32],"class_list":["post-3392","post","type-post","status-publish","format-standard","hentry","category-buecher","tag-tddl"],"_links":{"self":[{"href":"https:\/\/gedankentraeger.de\/index.php?rest_route=\/wp\/v2\/posts\/3392"}],"collection":[{"href":"https:\/\/gedankentraeger.de\/index.php?rest_route=\/wp\/v2\/posts"}],"about":[{"href":"https:\/\/gedankentraeger.de\/index.php?rest_route=\/wp\/v2\/types\/post"}],"author":[{"embeddable":true,"href":"https:\/\/gedankentraeger.de\/index.php?rest_route=\/wp\/v2\/users\/1"}],"replies":[{"embeddable":true,"href":"https:\/\/gedankentraeger.de\/index.php?rest_route=%2Fwp%2Fv2%2Fcomments&post=3392"}],"version-history":[{"count":4,"href":"https:\/\/gedankentraeger.de\/index.php?rest_route=\/wp\/v2\/posts\/3392\/revisions"}],"predecessor-version":[{"id":4068,"href":"https:\/\/gedankentraeger.de\/index.php?rest_route=\/wp\/v2\/posts\/3392\/revisions\/4068"}],"wp:attachment":[{"href":"https:\/\/gedankentraeger.de\/index.php?rest_route=%2Fwp%2Fv2%2Fmedia&parent=3392"}],"wp:term":[{"taxonomy":"category","embeddable":true,"href":"https:\/\/gedankentraeger.de\/index.php?rest_route=%2Fwp%2Fv2%2Fcategories&post=3392"},{"taxonomy":"post_tag","embeddable":true,"href":"https:\/\/gedankentraeger.de\/index.php?rest_route=%2Fwp%2Fv2%2Ftags&post=3392"}],"curies":[{"name":"wp","href":"https:\/\/api.w.org\/{rel}","templated":true}]}}