{"id":3452,"date":"2013-08-12T18:29:07","date_gmt":"2013-08-12T17:29:07","guid":{"rendered":"http:\/\/gedankentraeger.de\/?p=3452"},"modified":"2017-04-13T10:49:23","modified_gmt":"2017-04-13T09:49:23","slug":"piz-gloria","status":"publish","type":"post","link":"https:\/\/gedankentraeger.de\/?p=3452","title":{"rendered":"piz gloria."},"content":{"rendered":"<p>Wanderung von der Gr\u00fctschalp nach M\u00fcrren.<\/p>\n<p><a title=\"Wanderung von Gr\u00fctschalp nach M\u00fcrren\" href=\"http:\/\/www.flickr.com\/photos\/44263469@N07\/9493537729\/\" rel=\"\"><img loading=\"lazy\" decoding=\"async\" title=\"Wanderung von Gr\u00fctschalp nach M\u00fcrren\" src=\"http:\/\/farm4.staticflickr.com\/3692\/9493537729_649bbbc4a9_n.jpg\" alt=\"Wanderung von Gr\u00fctschalp nach M\u00fcrren\" width=\"320\" height=\"240\" \/><\/a><\/p>\n<p><a title=\"Monika's group\" href=\"http:\/\/www.flickr.com\/photos\/44263469@N07\/9493538195\/\" rel=\"\"><img loading=\"lazy\" decoding=\"async\" title=\"Monika's group\" src=\"http:\/\/farm4.staticflickr.com\/3776\/9493538195_e45bc58028_n.jpg\" alt=\"Monika's group\" width=\"320\" height=\"240\" \/><\/a><\/p>\n<p><a title=\"Blick vom Schilthorn\" href=\"http:\/\/www.flickr.com\/photos\/44263469@N07\/9493537381\/\" rel=\"\"><img loading=\"lazy\" decoding=\"async\" title=\"Blick vom Schilthorn\" src=\"http:\/\/farm4.staticflickr.com\/3801\/9493537381_d5e058e6c1_n.jpg\" alt=\"Blick vom Schilthorn\" width=\"320\" height=\"240\" \/><\/a><\/p>\n<p><a title=\"Eiger, M\u00f6nch und Jungfrau vom Schilthorn aus\" href=\"http:\/\/www.flickr.com\/photos\/44263469@N07\/9496339790\/\" rel=\"\"><img loading=\"lazy\" decoding=\"async\" title=\"Eiger, M\u00f6nch und Jungfrau vom Schilthorn aus\" src=\"http:\/\/farm3.staticflickr.com\/2894\/9496339790_6d40719399_n.jpg\" alt=\"Eiger, M\u00f6nch und Jungfrau vom Schilthorn aus\" width=\"320\" height=\"240\" \/><\/a><\/p>\n<p>Der perfekte Tag f\u00fcrs Schilthorn. Der beste Blick auf Eiger, M\u00f6nch und Jungfrau.<\/p>\n","protected":false},"excerpt":{"rendered":"<p>Wanderung von der Gr\u00fctschalp nach M\u00fcrren. Der perfekte Tag f\u00fcrs Schilthorn. Der beste Blick auf Eiger, M\u00f6nch und Jungfrau.<\/p>\n","protected":false},"author":1,"featured_media":0,"comment_status":"open","ping_status":"open","sticky":false,"template":"","format":"standard","meta":{"footnotes":""},"categories":[24,47],"tags":[],"class_list":["post-3452","post","type-post","status-publish","format-standard","hentry","category-bilder","category-reisen"],"_links":{"self":[{"href":"https:\/\/gedankentraeger.de\/index.php?rest_route=\/wp\/v2\/posts\/3452"}],"collection":[{"href":"https:\/\/gedankentraeger.de\/index.php?rest_route=\/wp\/v2\/posts"}],"about":[{"href":"https:\/\/gedankentraeger.de\/index.php?rest_route=\/wp\/v2\/types\/post"}],"author":[{"embeddable":true,"href":"https:\/\/gedankentraeger.de\/index.php?rest_route=\/wp\/v2\/users\/1"}],"replies":[{"embeddable":true,"href":"https:\/\/gedankentraeger.de\/index.php?rest_route=%2Fwp%2Fv2%2Fcomments&post=3452"}],"version-history":[{"count":4,"href":"https:\/\/gedankentraeger.de\/index.php?rest_route=\/wp\/v2\/posts\/3452\/revisions"}],"predecessor-version":[{"id":5218,"href":"https:\/\/gedankentraeger.de\/index.php?rest_route=\/wp\/v2\/posts\/3452\/revisions\/5218"}],"wp:attachment":[{"href":"https:\/\/gedankentraeger.de\/index.php?rest_route=%2Fwp%2Fv2%2Fmedia&parent=3452"}],"wp:term":[{"taxonomy":"category","embeddable":true,"href":"https:\/\/gedankentraeger.de\/index.php?rest_route=%2Fwp%2Fv2%2Fcategories&post=3452"},{"taxonomy":"post_tag","embeddable":true,"href":"https:\/\/gedankentraeger.de\/index.php?rest_route=%2Fwp%2Fv2%2Ftags&post=3452"}],"curies":[{"name":"wp","href":"https:\/\/api.w.org\/{rel}","templated":true}]}}