{"id":3985,"date":"2014-05-27T09:09:03","date_gmt":"2014-05-27T08:09:03","guid":{"rendered":"http:\/\/gedankentraeger.de\/?p=3985"},"modified":"2014-06-21T18:36:31","modified_gmt":"2014-06-21T17:36:31","slug":"der-autist-als-massenmoerder-update","status":"publish","type":"post","link":"https:\/\/gedankentraeger.de\/?p=3985","title":{"rendered":"der autist als massenm\u00f6rder [update]."},"content":{"rendered":"<p>Im Februar 2013 ver\u00f6ffentlichte ich einen Textteil aus meinem Autismusbuch. Mir ist immer mehr aufgefallen, dass die metaphorische Vereinnahmung des Begriffs Autismus konkrete R\u00fcckwirkungen auf die Wahrnehmung des tats\u00e4chlichen Syndroms hat:<\/p>\n<p>&#8222;Autisten sind viel h\u00e4ufiger Opfer als T\u00e4ter, zum Beispiel Opfer von Mobbing, in der Schule und am Arbeitsplatz. Sie sind oft von Ausgrenzung betroffen. Durch die verzerrte Berichterstattung werden sie allerdings im Gegenteil geradezu als Psychopathen dargestellt. [&#8230;] Die Pr\u00e4gung des Symbols l\u00e4sst bereits deutliche R\u00fcckwirkungen auf die Wahrnehmung des Syndroms erkennen, wie Newtown und M\u00fcnchen leidvoll verdeutlicht haben.&#8220; [<a href=\"http:\/\/gedankentraeger.de\/?p=3237\">#<\/a>]<\/p>\n<p>Wir erleben im Moment, dass sich genau diese Beobachtung weiter fortsetzt. Eine <a href=\"http:\/\/www.donotlink.com\/framed?36238\">mehr als zweifelhafte Studie<\/a> mutma\u00dfte frei von wissenschaftlicher Evidenz herum, dass es eine statistisch erh\u00f6hte Verbindung zwischen Autismus und Massenmord gebe. Die Autoren haben die beiden Begriffe gegoogelt und auff\u00e4llig viele Treffer festgestellt. Sie nehmen eine Reihe von spekulativen und einseitigen Artikeln, unter anderem aus Quellen der Boulevardpresse (z.B. Daily Mail) zum Anlass, eine Verbindung zwischen dem tats\u00e4chlichen Syndrom und Massenmord abzuleiten, statt zu sehen, dass damit lediglich die Vereinnahmung des Begriffs dokumentiert wird.<\/p>\n<p>Die Washington Post titelte daraufhin: <a href=\"http:\/\/www.donotlink.com\/framed?36296\">Study: \u2018Significant\u2019 statistical link between mass murder and autism, brain injury<\/a>. So zieht das Ganze nun also seine Kreise. Die ver\u00e4nderte Wahrnehmung des Syndroms als Folge der metaphorischen Konnotation pr\u00e4gt sich immer drastischer aus. Solange die Kritik an diesen beiden Vereinnahmungen im Mainstream gar nicht diskutiert, geschweige denn akzeptiert wird, ist ein weiterer Anstieg zu erwarten. Die Gesellschaft kann damit Probleme auf eine scheinbar einfache Art l\u00f6sen: Diese ganzen Amokl\u00e4ufer und Massenm\u00f6rder, das sind eben Autisten, Psychopathen (&#8222;Das hat mit uns nichts zu tun&#8220;).<\/p>\n<p>[Nur zur Info: Die Links zur Studie und zum Artikel in der Washington Post laufen \u00fcber donotlink.com, damit kein Traffic auf die Artikel generiert wird und sie in den Suchmaschinen nicht aufgewertet werden.]<\/p>\n<p>Zu weiteren Details empfehle ich Emily Willinghams Artikel: <a href=\"http:\/\/www.forbes.com\/sites\/emilywillingham\/2014\/05\/21\/no-timothy-mcveigh-was-not-autistic\/\">No, Timothy McVeigh Was Not Autistic<\/a><\/p>\n<p>Es gibt <a href=\"http:\/\/www.change.org\/petitions\/patrick-b-pexton-washington-post-retract-the-article-significant-statistical-link-between-mass-murder-and-autism-brain-injury\">eine Petition<\/a>, dass die Washington Post ihren Artikel zur\u00fcckziehen soll.<\/p>\n<p>Nachtrag: <a href=\"http:\/\/mela.geekgirls.de\/\">Mela Eckenfels<\/a> hat einen sehr guten, ausf\u00fchrlichen Text dazu geschrieben: <a href=\"http:\/\/www.carta.info\/72850\/autismus-und-massenmord-der-konstruierte-zusammenhang\/\">Autismus und Massenmord: Der konstruierte Zusammenhang<\/a><\/p>\n","protected":false},"excerpt":{"rendered":"<p>Im Februar 2013 ver\u00f6ffentlichte ich einen Textteil aus meinem Autismusbuch. Mir ist immer mehr aufgefallen, dass die metaphorische Vereinnahmung des Begriffs Autismus konkrete R\u00fcckwirkungen auf die Wahrnehmung des tats\u00e4chlichen Syndroms hat: &#8222;Autisten sind viel h\u00e4ufiger Opfer als T\u00e4ter, zum Beispiel Opfer von Mobbing, in der Schule und am Arbeitsplatz. Sie sind oft von Ausgrenzung betroffen. [&hellip;]<\/p>\n","protected":false},"author":1,"featured_media":0,"comment_status":"open","ping_status":"open","sticky":false,"template":"","format":"standard","meta":{"footnotes":""},"categories":[23],"tags":[],"class_list":["post-3985","post","type-post","status-publish","format-standard","hentry","category-autismus"],"_links":{"self":[{"href":"https:\/\/gedankentraeger.de\/index.php?rest_route=\/wp\/v2\/posts\/3985"}],"collection":[{"href":"https:\/\/gedankentraeger.de\/index.php?rest_route=\/wp\/v2\/posts"}],"about":[{"href":"https:\/\/gedankentraeger.de\/index.php?rest_route=\/wp\/v2\/types\/post"}],"author":[{"embeddable":true,"href":"https:\/\/gedankentraeger.de\/index.php?rest_route=\/wp\/v2\/users\/1"}],"replies":[{"embeddable":true,"href":"https:\/\/gedankentraeger.de\/index.php?rest_route=%2Fwp%2Fv2%2Fcomments&post=3985"}],"version-history":[{"count":5,"href":"https:\/\/gedankentraeger.de\/index.php?rest_route=\/wp\/v2\/posts\/3985\/revisions"}],"predecessor-version":[{"id":4097,"href":"https:\/\/gedankentraeger.de\/index.php?rest_route=\/wp\/v2\/posts\/3985\/revisions\/4097"}],"wp:attachment":[{"href":"https:\/\/gedankentraeger.de\/index.php?rest_route=%2Fwp%2Fv2%2Fmedia&parent=3985"}],"wp:term":[{"taxonomy":"category","embeddable":true,"href":"https:\/\/gedankentraeger.de\/index.php?rest_route=%2Fwp%2Fv2%2Fcategories&post=3985"},{"taxonomy":"post_tag","embeddable":true,"href":"https:\/\/gedankentraeger.de\/index.php?rest_route=%2Fwp%2Fv2%2Ftags&post=3985"}],"curies":[{"name":"wp","href":"https:\/\/api.w.org\/{rel}","templated":true}]}}