{"id":4231,"date":"2014-09-30T10:23:55","date_gmt":"2014-09-30T09:23:55","guid":{"rendered":"http:\/\/gedankentraeger.de\/?p=4231"},"modified":"2014-11-05T14:55:34","modified_gmt":"2014-11-05T13:55:34","slug":"john-needs-a-hug","status":"publish","type":"post","link":"https:\/\/gedankentraeger.de\/?p=4231","title":{"rendered":"john needs a hug."},"content":{"rendered":"<p>Letztes Wochenende war ich <a href=\"http:\/\/trackback.fritz.de\/2014\/09\/27\/trb-396-zur-social-media-week-in-berlin\/\">bei Trackback<\/a> zu Gast. Ein bisschen abgelenkt, weil John um mich herumwuselte.<\/p>\n<p>[Nach bald zehn Jahren Bloggen habe ich jetzt erst gemerkt, dass der Name meines Weblogs anscheinend missverst\u00e4ndlich ist, denn der Name meint nicht mich, sondern das Medium (daher auch nicht im Femininum).]<\/p>\n<p>~<\/p>\n<p>Am Sonntag haben wir uns den Marathon angesehen. John fand es interessant, musste sich dann aber nach einiger Zeit ausruhen. Die Zeiten, da ich ihn tragen konnte, sind nat\u00fcrlich l\u00e4ngst vorbei. Nun ist er schon einen halben Kopf gr\u00f6\u00dfer als ich. Das mit dem Ausruhen macht er jetzt so, dass er sich herunterbeugt und den Kopf auf meine Schulter legt. Dann halten wir an und warten.<\/p>\n<p><a title=\"John ruht sich aus\" href=\"http:\/\/www.flickr.com\/photos\/44263469@N07\/15399786375\/\" rel=\"\"><img loading=\"lazy\" decoding=\"async\" title=\"John ruht sich aus\" src=\"http:\/\/farm4.staticflickr.com\/3891\/15399786375_e344e4b6d6_n.jpg\" alt=\"John ruht sich aus\" width=\"220\" height=\"320\" \/><\/a><\/p>\n<p>Irgendwann ist John pl\u00f6tzlich fertig mit dem Kopfablegen und l\u00e4uft weiter. Das ist sein neues Ding. Vielleicht braucht er aber zwischendurch auch einfach nur immer mal wieder eine Umarmungspause.<\/p>\n","protected":false},"excerpt":{"rendered":"<p>Letztes Wochenende war ich bei Trackback zu Gast. Ein bisschen abgelenkt, weil John um mich herumwuselte. [Nach bald zehn Jahren Bloggen habe ich jetzt erst gemerkt, dass der Name meines Weblogs anscheinend missverst\u00e4ndlich ist, denn der Name meint nicht mich, sondern das Medium (daher auch nicht im Femininum).] ~ Am Sonntag haben wir uns den [&hellip;]<\/p>\n","protected":false},"author":1,"featured_media":0,"comment_status":"open","ping_status":"open","sticky":false,"template":"","format":"standard","meta":{"footnotes":""},"categories":[20],"tags":[],"class_list":["post-4231","post","type-post","status-publish","format-standard","hentry","category-jfk"],"_links":{"self":[{"href":"https:\/\/gedankentraeger.de\/index.php?rest_route=\/wp\/v2\/posts\/4231"}],"collection":[{"href":"https:\/\/gedankentraeger.de\/index.php?rest_route=\/wp\/v2\/posts"}],"about":[{"href":"https:\/\/gedankentraeger.de\/index.php?rest_route=\/wp\/v2\/types\/post"}],"author":[{"embeddable":true,"href":"https:\/\/gedankentraeger.de\/index.php?rest_route=\/wp\/v2\/users\/1"}],"replies":[{"embeddable":true,"href":"https:\/\/gedankentraeger.de\/index.php?rest_route=%2Fwp%2Fv2%2Fcomments&post=4231"}],"version-history":[{"count":4,"href":"https:\/\/gedankentraeger.de\/index.php?rest_route=\/wp\/v2\/posts\/4231\/revisions"}],"predecessor-version":[{"id":4249,"href":"https:\/\/gedankentraeger.de\/index.php?rest_route=\/wp\/v2\/posts\/4231\/revisions\/4249"}],"wp:attachment":[{"href":"https:\/\/gedankentraeger.de\/index.php?rest_route=%2Fwp%2Fv2%2Fmedia&parent=4231"}],"wp:term":[{"taxonomy":"category","embeddable":true,"href":"https:\/\/gedankentraeger.de\/index.php?rest_route=%2Fwp%2Fv2%2Fcategories&post=4231"},{"taxonomy":"post_tag","embeddable":true,"href":"https:\/\/gedankentraeger.de\/index.php?rest_route=%2Fwp%2Fv2%2Ftags&post=4231"}],"curies":[{"name":"wp","href":"https:\/\/api.w.org\/{rel}","templated":true}]}}