{"id":533,"date":"2008-12-18T12:27:53","date_gmt":"2008-12-18T10:27:53","guid":{"rendered":"http:\/\/gedankentraeger.de\/?p=533"},"modified":"2008-12-25T15:18:11","modified_gmt":"2008-12-25T13:18:11","slug":"zeitungs-und-zeitschriftenflash","status":"publish","type":"post","link":"https:\/\/gedankentraeger.de\/?p=533","title":{"rendered":"zeitungs- und zeitschriftenflash."},"content":{"rendered":"<p>In der Novemberausgabe von &#8222;Theater Heute&#8220; ein gro\u00dfes Foto von Felicia Zeller, auf dem die Brille etwas schief sitzt, mal schnell gegoogelt, kann man in klein auch <a href=\"http:\/\/theaterheute.partituren.org\/de\/archiv\/2008\/ausgabe_11_08\/index.html?inhalt=20081022111733#20081022111733\">online<\/a> sehen. Jedenfalls hat mir das in Kombination mit dem Titel des Artikels &#8222;Kleine Schiebungen im Sinn&#8220; einigerma\u00dfen gut gefallen. Vielleicht einen Tick zu augenf\u00e4llig spielerisch, aber noch okay (was will man machen, m\u00fcssen sich ja alle was einfallen lassen, die Printmedien).<\/p>\n<p>In der &#8222;Zeit&#8220; vom 11. Dezember sagt Karl Lagerfeld, dass er <em>The year of magical thinking<\/em> von Joan Didion toll fand. Als letztes hatte ich von ihm gelesen, dass er nichts von Krankheit, Leid und Geldsorgen h\u00f6ren m\u00f6chte, um erstere beide Themen geht es aber in Didions tats\u00e4chlich sehr gutem Buch. Erstaunliche Wendung meiner Wahrnehmung von Karl Lagerfeld. Mal schnell gegoogelt, das Interview kann man auch <a href=\"http:\/\/www.zeit.de\/2008\/51\/Symbole-Lagerfeld-51?page=6\">online<\/a> lesen. &#8222;Die Zeit&#8220; ganz offensichtlich auf der Jagd nach Klickzahlen und Page Impressions, fr\u00fcher haben sie so ein Interview jedenfalls nicht in acht Seiten aufgeteilt (was will man machen, m\u00fcssen sich ja alle was einfallen lassen, die Printmedien).<\/p>\n<p>In der Dezemberausgabe des &#8222;<a href=\"http:\/\/www.exberliner.net\/home.php\">ExBerliner<\/a>&#8220; steht \u00fcber die Choriner H\u00f6fe: &#8222;According to their website, the H\u00f6fe are a hot spot for people who have made the decision to lead a self-determined life, but contradictorily goes on to confirm that buyers are people who want to &#8218;make brands&#8216; and &#8218;be there when it happens.&#8216; In April this year, the site even stated that future homeowners &#8218;will work and produce on balconies &#8230; while listening to the Kaiser Chiefs, the Beatsteaks or Bloc Party on their iPods.&#8216; It&#8217;s a sinister day indeed when you realize that you are little more than an accessory to your apartment.&#8220; (Der ExBerliner ist so herrlich trocken und treffend, dass er sich keine Kinkerlitzchen einfallen lassen muss.)<\/p>\n","protected":false},"excerpt":{"rendered":"<p>In der Novemberausgabe von &#8222;Theater Heute&#8220; ein gro\u00dfes Foto von Felicia Zeller, auf dem die Brille etwas schief sitzt, mal schnell gegoogelt, kann man in klein auch online sehen. Jedenfalls hat mir das in Kombination mit dem Titel des Artikels &#8222;Kleine Schiebungen im Sinn&#8220; einigerma\u00dfen gut gefallen. Vielleicht einen Tick zu augenf\u00e4llig spielerisch, aber noch [&hellip;]<\/p>\n","protected":false},"author":1,"featured_media":0,"comment_status":"open","ping_status":"closed","sticky":false,"template":"","format":"standard","meta":{"footnotes":""},"categories":[19],"tags":[],"class_list":["post-533","post","type-post","status-publish","format-standard","hentry","category-empfehlung"],"_links":{"self":[{"href":"https:\/\/gedankentraeger.de\/index.php?rest_route=\/wp\/v2\/posts\/533"}],"collection":[{"href":"https:\/\/gedankentraeger.de\/index.php?rest_route=\/wp\/v2\/posts"}],"about":[{"href":"https:\/\/gedankentraeger.de\/index.php?rest_route=\/wp\/v2\/types\/post"}],"author":[{"embeddable":true,"href":"https:\/\/gedankentraeger.de\/index.php?rest_route=\/wp\/v2\/users\/1"}],"replies":[{"embeddable":true,"href":"https:\/\/gedankentraeger.de\/index.php?rest_route=%2Fwp%2Fv2%2Fcomments&post=533"}],"version-history":[{"count":0,"href":"https:\/\/gedankentraeger.de\/index.php?rest_route=\/wp\/v2\/posts\/533\/revisions"}],"wp:attachment":[{"href":"https:\/\/gedankentraeger.de\/index.php?rest_route=%2Fwp%2Fv2%2Fmedia&parent=533"}],"wp:term":[{"taxonomy":"category","embeddable":true,"href":"https:\/\/gedankentraeger.de\/index.php?rest_route=%2Fwp%2Fv2%2Fcategories&post=533"},{"taxonomy":"post_tag","embeddable":true,"href":"https:\/\/gedankentraeger.de\/index.php?rest_route=%2Fwp%2Fv2%2Ftags&post=533"}],"curies":[{"name":"wp","href":"https:\/\/api.w.org\/{rel}","templated":true}]}}