{"id":5533,"date":"2008-05-20T22:13:00","date_gmt":"2008-05-20T21:13:00","guid":{"rendered":"http:\/\/gedankentraeger.de\/?p=5533"},"modified":"2008-05-20T22:13:00","modified_gmt":"2008-05-20T21:13:00","slug":"notitle-4939292","status":"publish","type":"post","link":"https:\/\/gedankentraeger.de\/?p=5533","title":{"rendered":""},"content":{"rendered":"<p>Heute haben wir uns die <a href=\"http:\/\/www.sigrid-falkenstein.de\/euthanasie\/t4_gedenken.htm\">Gedenkst\u00e4tte der &#8222;Grauen Busse&#8220;<\/a> an der Tiergartenstra\u00dfe angesehen.<\/p>\n<p><a href=\"http:\/\/www.flickr.com\/photos\/wasweissich\/2508789055\/\" title=\"Grauer Bus by wasweissich, on Flickr\"><img loading=\"lazy\" decoding=\"async\" src=\"http:\/\/farm4.static.flickr.com\/3026\/2508789055_6c1703280f.jpg\" width=\"500\" height=\"375\" alt=\"Grauer Bus\" \/><\/a><\/p>\n<p><a href=\"http:\/\/www.flickr.com\/photos\/wasweissich\/2508790211\/\" title=\"Grauer Bus by wasweissich, on Flickr\"><img loading=\"lazy\" decoding=\"async\" src=\"http:\/\/farm4.static.flickr.com\/3060\/2508790211_2a6e230081.jpg\" width=\"500\" height=\"375\" alt=\"Grauer Bus\" \/><\/a><\/p>\n<p><a href=\"http:\/\/www.flickr.com\/photos\/wasweissich\/2509618064\/\" title=\"Grauer Bus  by wasweissich, on Flickr\"><img loading=\"lazy\" decoding=\"async\" src=\"http:\/\/farm4.static.flickr.com\/3014\/2509618064_06ce269ec5.jpg\" width=\"500\" height=\"375\" alt=\"Grauer Bus \" \/><\/a><\/p>\n<p>Dass John sich in ein Bild hineingeschlichen hat, sah ich zuerst gar nicht, aber es passt nat\u00fcrlich, dass er darauf einen Schnuller tr\u00e4gt.<\/p>\n<p><a href=\"http:\/\/www.flickr.com\/photos\/wasweissich\/2508789379\/\" title=\"Grauer Bus by wasweissich, on Flickr\"><img loading=\"lazy\" decoding=\"async\" src=\"http:\/\/farm3.static.flickr.com\/2055\/2508789379_c1f2fd58aa.jpg\" width=\"500\" height=\"401\" alt=\"Grauer Bus\" \/><\/a><\/p>\n","protected":false},"excerpt":{"rendered":"<p>Heute haben wir uns die Gedenkst\u00e4tte der &#8222;Grauen Busse&#8220; an der Tiergartenstra\u00dfe angesehen. Dass John sich in ein Bild hineingeschlichen hat, sah ich zuerst gar nicht, aber es passt nat\u00fcrlich, dass er darauf einen Schnuller tr\u00e4gt.<\/p>\n","protected":false},"author":1,"featured_media":0,"comment_status":"open","ping_status":"open","sticky":false,"template":"","format":"standard","meta":{"footnotes":""},"categories":[24],"tags":[],"class_list":["post-5533","post","type-post","status-publish","format-standard","hentry","category-bilder"],"_links":{"self":[{"href":"https:\/\/gedankentraeger.de\/index.php?rest_route=\/wp\/v2\/posts\/5533"}],"collection":[{"href":"https:\/\/gedankentraeger.de\/index.php?rest_route=\/wp\/v2\/posts"}],"about":[{"href":"https:\/\/gedankentraeger.de\/index.php?rest_route=\/wp\/v2\/types\/post"}],"author":[{"embeddable":true,"href":"https:\/\/gedankentraeger.de\/index.php?rest_route=\/wp\/v2\/users\/1"}],"replies":[{"embeddable":true,"href":"https:\/\/gedankentraeger.de\/index.php?rest_route=%2Fwp%2Fv2%2Fcomments&post=5533"}],"version-history":[{"count":0,"href":"https:\/\/gedankentraeger.de\/index.php?rest_route=\/wp\/v2\/posts\/5533\/revisions"}],"wp:attachment":[{"href":"https:\/\/gedankentraeger.de\/index.php?rest_route=%2Fwp%2Fv2%2Fmedia&parent=5533"}],"wp:term":[{"taxonomy":"category","embeddable":true,"href":"https:\/\/gedankentraeger.de\/index.php?rest_route=%2Fwp%2Fv2%2Fcategories&post=5533"},{"taxonomy":"post_tag","embeddable":true,"href":"https:\/\/gedankentraeger.de\/index.php?rest_route=%2Fwp%2Fv2%2Ftags&post=5533"}],"curies":[{"name":"wp","href":"https:\/\/api.w.org\/{rel}","templated":true}]}}