{"id":5593,"date":"2018-05-21T09:11:33","date_gmt":"2018-05-21T08:11:33","guid":{"rendered":"http:\/\/gedankentraeger.de\/?p=5593"},"modified":"2019-01-05T15:54:00","modified_gmt":"2019-01-05T14:54:00","slug":"das-buch-der-unruhe","status":"publish","type":"post","link":"https:\/\/gedankentraeger.de\/?p=5593","title":{"rendered":"das buch der unruhe."},"content":{"rendered":"<p>\u00bbEs sind weniger die nat\u00fcrlichen Dinge, die mich so ber\u00fchren, so stark empfinden lassen, als vielmehr die Anordnung der Stra\u00dfen, die Schilder und Aufschriften, die Menschen in ihrer Kleidung und ihren Worten, ihrem Tun, die Zeitungen, die Logik, die allem innewohnt. Oder die Tatsache, da\u00df Stra\u00dfen angeordnet sind, es Schilder, Aufschriften, ein bestimmtes Tun, Menschen und eine Gesellschaft gibt, und alles zusammenfindet, bekannten Wegen folgt und neue erschlie\u00dft.\u00ab<\/p>\n<p>[Fernando Pessoa, Das Buch der Unruhe des Hilfsbuchhalters Bernardo Soares. Herausgegeben von Richard Zenith, \u00dc: In\u00e9s Koebel, Z\u00fcrich 2003; S. 253]<\/p>\n","protected":false},"excerpt":{"rendered":"<p>\u00bbEs sind weniger die nat\u00fcrlichen Dinge, die mich so ber\u00fchren, so stark empfinden lassen, als vielmehr die Anordnung der Stra\u00dfen, die Schilder und Aufschriften, die Menschen in ihrer Kleidung und ihren Worten, ihrem Tun, die Zeitungen, die Logik, die allem innewohnt. Oder die Tatsache, da\u00df Stra\u00dfen angeordnet sind, es Schilder, Aufschriften, ein bestimmtes Tun, Menschen [&hellip;]<\/p>\n","protected":false},"author":1,"featured_media":0,"comment_status":"open","ping_status":"open","sticky":false,"template":"","format":"standard","meta":{"footnotes":""},"categories":[12],"tags":[],"class_list":["post-5593","post","type-post","status-publish","format-standard","hentry","category-buecher"],"_links":{"self":[{"href":"https:\/\/gedankentraeger.de\/index.php?rest_route=\/wp\/v2\/posts\/5593"}],"collection":[{"href":"https:\/\/gedankentraeger.de\/index.php?rest_route=\/wp\/v2\/posts"}],"about":[{"href":"https:\/\/gedankentraeger.de\/index.php?rest_route=\/wp\/v2\/types\/post"}],"author":[{"embeddable":true,"href":"https:\/\/gedankentraeger.de\/index.php?rest_route=\/wp\/v2\/users\/1"}],"replies":[{"embeddable":true,"href":"https:\/\/gedankentraeger.de\/index.php?rest_route=%2Fwp%2Fv2%2Fcomments&post=5593"}],"version-history":[{"count":2,"href":"https:\/\/gedankentraeger.de\/index.php?rest_route=\/wp\/v2\/posts\/5593\/revisions"}],"predecessor-version":[{"id":5642,"href":"https:\/\/gedankentraeger.de\/index.php?rest_route=\/wp\/v2\/posts\/5593\/revisions\/5642"}],"wp:attachment":[{"href":"https:\/\/gedankentraeger.de\/index.php?rest_route=%2Fwp%2Fv2%2Fmedia&parent=5593"}],"wp:term":[{"taxonomy":"category","embeddable":true,"href":"https:\/\/gedankentraeger.de\/index.php?rest_route=%2Fwp%2Fv2%2Fcategories&post=5593"},{"taxonomy":"post_tag","embeddable":true,"href":"https:\/\/gedankentraeger.de\/index.php?rest_route=%2Fwp%2Fv2%2Ftags&post=5593"}],"curies":[{"name":"wp","href":"https:\/\/api.w.org\/{rel}","templated":true}]}}