{"id":5599,"date":"2019-01-05T20:45:48","date_gmt":"2019-01-05T19:45:48","guid":{"rendered":"http:\/\/gedankentraeger.de\/?p=5599"},"modified":"2019-01-22T13:56:32","modified_gmt":"2019-01-22T12:56:32","slug":"for-whatever-its-worth-2018","status":"publish","type":"post","link":"https:\/\/gedankentraeger.de\/?p=5599","title":{"rendered":"for whatever it&#8217;s worth [2018]."},"content":{"rendered":"\n<p>Ich habe nachgez\u00e4hlt, weil mir das Jahr nach so viel Wegsein vorkam, und tats\u00e4chlich, im letzten Jahr war ich an 182 Tagen nicht Zuhause, also ziemlich genau die H\u00e4lfte des Jahres. Die krasseste Zeit war zwischen September und November, mit 19 Fl\u00fcgen innerhalb von 79 Tagen. Das war zum gr\u00f6\u00dften Teil Arbeit, aber auch ein Urlaub mit drei Tagen Stopover in Island (wie toll ist denn bitte die Blaue Lagune, und diese Landschaft, da muss ich unbedingt nochmal l\u00e4nger hin) auf dem Weg in die USA.<\/p>\n\n\n\n<figure class=\"wp-block-embed-flickr wp-block-embed is-type-photo is-provider-flickr\"><div class=\"wp-block-embed__wrapper\">\n<a href=\"https:\/\/www.flickr.com\/photos\/163031701@N05\/31659235737\/in\/dateposted-public\/\"><img loading=\"lazy\" decoding=\"async\" src=\"https:\/\/live.staticflickr.com\/7813\/31659235737_625c1ea5f2_z.jpg\" alt=\"Island\" width=\"640\" height=\"427\" \/><\/a>\n<\/div><\/figure>\n\n\n\n<figure class=\"wp-block-embed-flickr wp-block-embed is-type-photo is-provider-flickr\"><div class=\"wp-block-embed__wrapper\">\n<a href=\"https:\/\/www.flickr.com\/photos\/163031701@N05\/45686702345\/in\/dateposted-public\/\"><img loading=\"lazy\" decoding=\"async\" src=\"https:\/\/live.staticflickr.com\/7868\/45686702345_f08be933a7_z.jpg\" alt=\"Island\" width=\"640\" height=\"427\" \/><\/a>\n<\/div><\/figure>\n\n\n\n<figure class=\"wp-block-embed-flickr wp-block-embed is-type-photo is-provider-flickr\"><div class=\"wp-block-embed__wrapper\">\n<a href=\"https:\/\/www.flickr.com\/photos\/163031701@N05\/45686727475\/in\/dateposted-public\/\"><img loading=\"lazy\" decoding=\"async\" src=\"https:\/\/live.staticflickr.com\/7874\/45686727475_21da2ac7c0_c.jpg\" alt=\"Geysir Strokkur\" width=\"533\" height=\"800\" \/><\/a>\n<\/div><\/figure>\n\n\n\n<p>In Chicago haben wir viele unserer alten Orte wieder besucht, mit Erinnerungen an Johns Geburt und seine ersten Lebensjahre dort. Ein unglaublicher Moment war, ein Foto von John zu sehen, das im Stadtteil Roscoe Village immer noch \u00fcber der Kasse eines Sp\u00e4ti h\u00e4ngt. Der Besitzer hatte damals viele Jahre lang, bei uns muss es etwa 2002 gewesen sein, Fotos der Kinder aus dem Viertel gesammelt, und sie h\u00e4ngen alle immer noch da. Der Besitzer ist auch noch da und erz\u00e4hlte uns, dass viele der Kinder mittlerweile eigene Kinder haben und mit ihnen in den Laden kommen, um ihnen die Babyfotos von sich zu zeigen. Er konnte kaum glauben, dass eines dieser Kinder nun schon gestorben ist. Ich musste nat\u00fcrlich sofort weinen, aber trotzdem war es sehr sch\u00f6n, mit dem Kioskbesitzer zu sprechen.<\/p>\n\n\n\n<figure class=\"wp-block-embed-flickr wp-block-embed is-type-photo is-provider-flickr\"><div class=\"wp-block-embed__wrapper\">\n<a href=\"https:\/\/www.flickr.com\/photos\/163031701@N05\/31647164627\/in\/dateposted-public\/\"><img loading=\"lazy\" decoding=\"async\" src=\"https:\/\/live.staticflickr.com\/4822\/31647164627_035d3a3f88_z.jpg\" alt=\"Chicago - Reflection in the Bean\" width=\"640\" height=\"480\" \/><\/a>\n<\/div><\/figure>\n\n\n\n<figure class=\"wp-block-embed-flickr wp-block-embed is-type-photo is-provider-flickr\"><div class=\"wp-block-embed__wrapper\">\n<a href=\"https:\/\/www.flickr.com\/photos\/163031701@N05\/45863491764\/in\/dateposted-public\/\"><img loading=\"lazy\" decoding=\"async\" src=\"https:\/\/live.staticflickr.com\/4887\/45863491764_acbf3d8eaf_z.jpg\" alt=\"John als Baby in Roscoe Village\" width=\"640\" height=\"385\" \/><\/a>\n<\/div><\/figure>\n\n\n\n<p>~<\/p>\n\n\n\n<p>Wenn etwas zu Ende geht, ist das automatisch die Aufforderung, sich auf etwas Neues einzulassen. Damit hadere ich immer noch, denn dazu notwendig ist das Eingest\u00e4ndnis, dass wir uns nur wenig wirklich aussuchen k\u00f6nnen, und gerade nicht die wichtigen Dinge im Leben, wie den Zeitpunkt eines Todes. Theoretisch wei\u00df man das nat\u00fcrlich, praktisch ist es aber schwer auszuhalten. Unabh\u00e4ngig davon, ob man etwas wollte oder nicht, muss man akzeptieren, wie es gekommen ist. Die damit einhergehende Ver\u00e4nderung ist eine Aufforderung, zun\u00e4chst die des puren Weiterlebens, und dann die des neuen Gestaltens. Wir sind wohl immer noch in der ersten Phase. <\/p>\n\n\n\n<p>Gef\u00fchlt hat sich am Stillstand der letzten bald drei Jahre wenig ge\u00e4ndert. Die Seele ist in der Trauer immer noch schockgefroren, wobei ich mich im letzten Jahr immer wieder gefragt habe, was das eigentlich ist, die Seele. Ich habe einiges dar\u00fcber gelesen, bin aber nicht viel weiter gekommen damit. Platon sagt, die Seele sei \u201edas, was sich von selbst bewegt.\u201c Das immerhin finde ich plausibel. (Aristoteles ist schon wieder ganz anderer Meinung und von da an wird es nur un\u00fcbersichtlicher. Gerade habe ich Knausg\u00e5rds <em>Im Sommer&nbsp;<\/em>gelesen und er schreibt ja auch immer wieder \u00fcber die Seele, allerdings auch ratlos. Ich lasse die Frage stehen, auf Wiedervorlage am Ende dieses neuen Jahres.)<\/p>\n\n\n\n<p>~<\/p>\n\n\n\n<p>Ich bin so viel gereist, weil das meine beruflichen T\u00e4tigkeiten nun einmal fast alle mit sich bringen, Reiseleitungen in Deutschland und international sowie mobile \u00d6ffentlichkeitsarbeit \u00fcber das ganze Bundesgebiet verteilt. Reisen geleitet habe ich im letzten Jahr neben Deutschland in Tschechien, D\u00e4nemark, Norwegen, der Schweiz, S\u00fcdafrika, Botswana und Simbabwe. In Deutschland habe ich in zehn Bundesl\u00e4ndern gearbeitet: Berlin, Brandenburg, Sachsen-Anhalt, Sachsen, Th\u00fcringen, Hessen, Nordrhein-Westfalen, Rheinland-Pfalz, Niedersachsen und Bayern. <\/p>\n\n\n\n<p>Fun fact ja auch: Wenn man genug unterwegs ist, ist man fast nicht mehr da. Das Verschwinden als Teil des Reisens. Ich glaube aber nicht, dass das wirklich im Vordergrund steht. Wenn \u00fcberhaupt, glaube ich eher, dass ich im Moment unterwegs einen besseren Ausdruck f\u00fcr das finde, was mich besch\u00e4ftigt, und das ist vor allem das Unver\u00e4nderliche in der Verwandlung, die ewige Sch\u00f6nheit der Welt, die Natur. Sie lehrt einen am besten diese Lektion, wie wenig wir Menschen zu bestimmen haben, wie klein wir sind. <\/p>\n\n\n\n<p>Wenn ich in der Schweiz auf dem Schilthorn stehe und das Alpenpanorama sehe, oder in Utah das erstaunliche Farbenspektrum der Felsen, eingebettet in die un\u00fcberschaubare Weite der Landschaft, wenn ich in S\u00fcdafrika durch den Busch gehe und wir in unserer kleinen Gruppe versuchen, die Spuren zu lesen, deren Art und Ausdruck so fern vom Menschlichen sind, im Wissen, dass ein Leopard wohl keine M\u00fche h\u00e4tte, uns zu erlegen, dann wird es einem klar und deutlich nicht nur vor Augen gef\u00fchrt, sondern wirklich erfahrbar gemacht, dass es eine absolute Anma\u00dfung w\u00e4re zu glauben, man h\u00e4tte hier irgendwas zu bestimmen oder auszuw\u00e4hlen.<\/p>\n\n\n\n<figure class=\"wp-block-embed-flickr wp-block-embed is-type-photo is-provider-flickr\"><div class=\"wp-block-embed__wrapper\">\n<a href=\"https:\/\/www.flickr.com\/photos\/163031701@N05\/44770919660\/in\/dateposted-public\/\"><img loading=\"lazy\" decoding=\"async\" src=\"https:\/\/live.staticflickr.com\/4899\/44770919660_e32c8057a0_z.jpg\" alt=\"Grosse Scheidegg\" width=\"640\" height=\"480\" \/><\/a>\n<\/div><\/figure>\n\n\n\n<figure class=\"wp-block-embed-flickr wp-block-embed is-type-photo is-provider-flickr\"><div class=\"wp-block-embed__wrapper\">\n<a href=\"https:\/\/www.flickr.com\/photos\/163031701@N05\/32727270298\/in\/dateposted-public\/\"><img loading=\"lazy\" decoding=\"async\" src=\"https:\/\/live.staticflickr.com\/4880\/32727270298_8456612e05_z.jpg\" alt=\"Eiger, M\u00f6nch und Jungfrau\" width=\"640\" height=\"427\" \/><\/a>\n<\/div><\/figure>\n\n\n\n<figure class=\"wp-block-embed-flickr wp-block-embed is-type-photo is-provider-flickr\"><div class=\"wp-block-embed__wrapper\">\n<a href=\"https:\/\/www.flickr.com\/photos\/163031701@N05\/31659344327\/in\/dateposted-public\/\"><img loading=\"lazy\" decoding=\"async\" src=\"https:\/\/live.staticflickr.com\/4859\/31659344327_7a6283e63f_z.jpg\" alt=\"Monument Valley\" width=\"640\" height=\"427\" \/><\/a>\n<\/div><\/figure>\n\n\n\n<figure class=\"wp-block-embed-flickr wp-block-embed is-type-photo is-provider-flickr\"><div class=\"wp-block-embed__wrapper\">\n<a href=\"https:\/\/www.flickr.com\/photos\/163031701@N05\/32713909818\/in\/dateposted-public\/\"><img loading=\"lazy\" decoding=\"async\" src=\"https:\/\/live.staticflickr.com\/7922\/32713909818_19905a4197_z.jpg\" alt=\"Delicate Arch - Arches National Park\" width=\"640\" height=\"512\" \/><\/a>\n<\/div><\/figure>\n\n\n\n<figure class=\"wp-block-embed-flickr wp-block-embed is-type-photo is-provider-flickr\"><div class=\"wp-block-embed__wrapper\">\n<a href=\"https:\/\/www.flickr.com\/photos\/163031701@N05\/46536612892\/in\/dateposted-public\/\"><img loading=\"lazy\" decoding=\"async\" src=\"https:\/\/live.staticflickr.com\/7922\/46536612892_e4914948e5_z.jpg\" alt=\"Am Chobe River\" width=\"640\" height=\"427\" \/><\/a>\n<\/div><\/figure>\n\n\n\n<figure class=\"wp-block-embed-flickr wp-block-embed is-type-photo is-provider-flickr\"><div class=\"wp-block-embed__wrapper\">\n<a href=\"https:\/\/www.flickr.com\/photos\/163031701@N05\/46588437801\/in\/dateposted-public\/\"><img loading=\"lazy\" decoding=\"async\" src=\"https:\/\/live.staticflickr.com\/4827\/46588437801_ee539ab25b_z.jpg\" alt=\"Thornybush\" width=\"640\" height=\"427\" \/><\/a>\n<\/div><\/figure>\n\n\n\n<figure class=\"wp-block-embed-flickr wp-block-embed is-type-photo is-provider-flickr\"><div class=\"wp-block-embed__wrapper\">\n<a href=\"https:\/\/www.flickr.com\/photos\/163031701@N05\/32713472358\/in\/dateposted-public\/\"><img loading=\"lazy\" decoding=\"async\" src=\"https:\/\/live.staticflickr.com\/4813\/32713472358_c4b6e431ed_z.jpg\" alt=\"Fahrt durch den Sognefjord\" width=\"640\" height=\"480\" \/><\/a>\n<\/div><\/figure>\n\n\n\n<p>~<\/p>\n\n\n\n<p>Ansonsten, eher grunds\u00e4tzlich gesprochen, geh\u00f6rt es wohl auch zur Trauer, dass man sich nirgendwo wiederfindet. Nicht drinnen und nicht drau\u00dfen, nicht bei anderen, nicht bei sich selbst. Mehr als in den Vorjahren nehme ich den absurden Gegensatz wahr, in dem Scott und ich uns im Verh\u00e4ltnis zum \u00e4u\u00dferen Geschehen befinden. Jeden Tag werden Nichtigkeiten dramatisiert, das gro\u00dfe Aufmerksamkeitsgerangel mit dem Tempo und dem schrillen Ton, den es mit sich bringt. Wir demgegen\u00fcber haben tats\u00e4chlich das vielleicht Dramatischste erlebt und sind im Kern der Stille gelandet. Es ist so ein Gegensatz.<\/p>\n\n\n\n<p>~<\/p>\n\n\n\n<p>Andererseits: Was alles auf einen einstr\u00f6mt, scheint noch intensiver, noch \u00fcberw\u00e4ltigender, wenn man selbst so leer ist. Es geh\u00f6rt zu meinem Beruf, mit Menschen zu sprechen, die frustriert und unzufrieden sind (nicht nur, aber auch). Schulklassen zu unterrichten oder mit Menschen zu reden, die eine \u00e4hnliche Einstellung haben, das ist verh\u00e4ltnism\u00e4\u00dfig leicht. Deshalb sind es gerade die anderen Gespr\u00e4che, die eine Herausforderung darstellen, und die mich am meisten innerlich besch\u00e4ftigen. Ich habe mir im vergangenen Jahr verst\u00e4rkt Gedanken dazu gemacht, wie man in ein gutes Gespr\u00e4ch miteinander kommen kann, auch wenn man ganz unterschiedlicher Meinung ist, und auch wenn das Gegen\u00fcber sich dem zun\u00e4chst verschlie\u00dft. Ich habe viel dazu gelesen, habe alte Unterlagen von Weiterbildungen herausgeholt und nochmal durchgearbeitet, und in meinen Gespr\u00e4chen bewusst daran gearbeitet. <\/p>\n\n\n\n<p>Ein f\u00fcr mich sch\u00f6ner Moment in diesem Sinn war im August ein schwieriges Gespr\u00e4ch mit einem \u00e4lteren, w\u00fctenden Mann im Allg\u00e4u, der zun\u00e4chst nur Dampf ablassen und all seinen Frust bei mir abladen wollte, und mit dem es mir dann aber doch gelungen ist, die Kurve in ein echtes Gespr\u00e4ch zu bekommen, und obwohl wir am Ende immer noch ganz unterschiedlicher Meinung waren, hatte er sich im Verlauf andere Perspektiven angeh\u00f6rt, wozu er anfangs nicht bereit gewesen war. Sein aggressiver Auftakt an der Grenze zum Rassismus hatte sich in deutlich mildere und respektvollere T\u00f6ne verwandelt, nicht nur mir gegen\u00fcber, sondern auch in der Sicht auf andere Menschen. <\/p>\n\n\n\n<p>Ich wei\u00df, dass ich in einem einzelnen Gespr\u00e4ch keine Meinungen \u00e4ndern kann, das w\u00e4re naiv zu glauben, und bei einigen lohnt sich tats\u00e4chlich auch gar kein Gespr\u00e4ch mehr, den Unterschied muss man lernen zu erkennen, aber grunds\u00e4tzlich geht es mir um den Umgang, und darum, das Gegen\u00fcber als Menschen mit eigenen Sorgen und W\u00fcnschen wahrzunehmen, gegenseitig, und allein dadurch hebt sich manchmal (im Idealfall) schon dieser gnadenlose, giftige Ton auf. Das funktioniert oft nicht, aber ich arbeite daran und bin der Meinung, das in den letzten Jahren immer besser hinzubekommen, immerhin. <\/p>\n\n\n\n<p>Nachdem der Mann sich verabschiedet hatte, dachte ich mir, dass es ein gutes Gespr\u00e4ch war, \u00fcber das wir wahrscheinlich beide noch nachdenken w\u00fcrden. Tats\u00e4chlich kam der Mann sp\u00e4ter noch einmal zur\u00fcck, bedankte sich f\u00fcr das Gespr\u00e4ch und schenkte mir eine Edelwei\u00dfblume. Das fand ich doch ermutigend f\u00fcr meine Arbeit, for whatever it&#8217;s worth.<\/p>\n\n\n\n<figure class=\"wp-block-embed-flickr wp-block-embed is-type-photo is-provider-flickr\"><div class=\"wp-block-embed__wrapper\">\n<a href=\"https:\/\/www.flickr.com\/photos\/163031701@N05\/31646513687\/in\/dateposted-public\/\"><img loading=\"lazy\" decoding=\"async\" src=\"https:\/\/live.staticflickr.com\/7905\/31646513687_10f8e45056_z.jpg\" alt=\"Edelwei\u00df\" width=\"640\" height=\"480\" \/><\/a>\n<\/div><\/figure>\n\n\n\n<p>~<\/p>\n\n\n\n<p>Wir fahren, wenn wir in Berlin sind, immer noch jeden Tag zum Friedhof, weiterhin ein sehr wichtiger Ort f\u00fcr uns. Bald werden es drei Jahre sein, dass wir dort praktisch Zuhause sind. Scott hat sich bei der D\u00fcrre des letzten Jahres nicht nur um Johns Grab, sondern um die ganze Umgebung mit gek\u00fcmmert. Er hat jeden Tag eine dreiviertel Stunde mit W\u00e4ssern verbracht und rund um uns alle Pflanzen am Leben erhalten.<\/p>\n\n\n\n<figure class=\"wp-block-embed-flickr wp-block-embed is-type-photo is-provider-flickr\"><div class=\"wp-block-embed__wrapper\">\n<a href=\"https:\/\/www.flickr.com\/photos\/163031701@N05\/45863269894\/in\/dateposted-public\/\"><img loading=\"lazy\" decoding=\"async\" src=\"https:\/\/live.staticflickr.com\/4870\/45863269894_2325e0ccf2_c.jpg\" alt=\"Johns Grab\" width=\"600\" height=\"800\" \/><\/a>\n<\/div><\/figure>\n\n\n\n<p>~<\/p>\n\n\n\n<p>Im Fr\u00fchjahr habe ich mit einer neuen freiberuflichen T\u00e4tigkeit in Berlin begonnen (Besucherbetreuung im Kanzleramt) und zum 1. August habe ich beim Bundestag nach einer wie immer aufregenden Pr\u00fcfung einen neuen Rahmenvertrag f\u00fcr vier Jahre bekommen.<\/p>\n\n\n\n<figure class=\"wp-block-embed-flickr wp-block-embed is-type-photo is-provider-flickr\"><div class=\"wp-block-embed__wrapper\">\n<a href=\"https:\/\/www.flickr.com\/photos\/163031701@N05\/46587831541\/\"><img loading=\"lazy\" decoding=\"async\" src=\"https:\/\/live.staticflickr.com\/7888\/46587831541_11b9c2ed32_z.jpg\" alt=\"Lernen f\u00fcr die Pr\u00fcfung\" width=\"640\" height=\"640\" \/><\/a>\n<\/div><\/figure>\n\n\n\n<p>~<\/p>\n\n\n\n<p>Und auf eine Art ist ja jedes Jahr auch unver\u00e4nderlich. Hier meine unvollst\u00e4ndige Liste:<\/p>\n\n\n\n<ul class=\"wp-block-list\"><li>Frohes neues Jahr!<\/li><li>Neujahrsspaziergang<\/li><li>Vielleicht wird nun doch alles anders, erstmal weg mit der ganzen Weihnachtsdeko<\/li><li>Schnee!<\/li><li>ibes, ja oder nein?<\/li><li>Der Januar zieht sich ganz sch\u00f6n, hoffentlich ist bald Februar<\/li><li>Endlich Berlinale!<\/li><li>Mittendrin oder sp\u00e4testens anschlie\u00dfend: grippaler Infekt<\/li><li>Boah, diese K\u00e4lte, dieses Grau, der Februar zieht sich aber auch ganz sch\u00f6n<\/li><li>Neue Staffel Let\u2019s Dance<\/li><li>Diskussion \u00fcber Zeitumstellung<\/li><li>Zu Ostern: Diskussion \u00fcber Traditionshasen und Tanzverbot<\/li><li>Diskussionsersch\u00f6pfung und Verlagerung auf Metaebene<\/li><li>Hat Anne Will immer noch Pause?<\/li><li>Jemanden in den April schicken<\/li><li>Stimmung dreht sich langsam: \u201eFr\u00fchling l\u00e4sst sein blaues Band&#8230;\u201c<\/li><li>Fenster putzen<\/li><li>Jetzt geht es bergauf<\/li><li>Keller ausmisten<\/li><li>Baumarkt: Gartencenter (pflanzen aber erst nach der Kalten Sophie!)<\/li><li>Aprilwetter versus endlich wieder Grillen<\/li><li>Karneval der Kulturen (aus diesem Anlass: Friedhof einmal im Jahr geschlossen)<\/li><li>Steuererkl\u00e4rung<\/li><li>Pfingstspaziergang, Muttertag, Himmelfahrt, Vatertag<\/li><li>Zu viele Feiertage im Mai, man kommt zu nichts<\/li><li>Erdbeeren<\/li><li>Spargel<\/li><li>Rhabarber (aber nur bis Mitte Juni!)<\/li><li>Der Juni geht eigentlich, nur zu viel Arbeit<\/li><li>Sommerferien<\/li><li>Irgendwo, wo man hingefahren oder hingeflogen ist, ist es wirklich sch\u00f6n<\/li><li>Jetzt ist es aber zu hei\u00df<\/li><li>Wespenstich, Biergarten, Sommerloch<\/li><li>Endlich alle zur\u00fcck aus dem Urlaub, endlich wieder Alltag, neuer Tatort!<\/li><li>St\u00e4ndig mit Leuten treffen, weil man sich ja so lange nicht gesehen hat<\/li><li>Huch, schon Herbst?<\/li><li>Erste Euphorie (Goldener Oktober)<\/li><li>Es sich drinnen gem\u00fctlich machen (Ikea)<\/li><li>Lecker K\u00fcrbiszeit!<\/li><li>Diskussion \u00fcber Zeitumstellung und Halloween vs. Reformationstag<\/li><li>Allerheiligen, Allerseelen, Totensonntag, Volkstrauertag<\/li><li>Stimmung: \u201eWer jetzt allein ist\u2026\u201c<\/li><li>Kurzes Aufatmen: Thanksgiving<\/li><li>Gr\u00fcnkohl (aber erst nach dem ersten Frost!)<\/li><li>Adventskalender und Adventskranz, endlich wieder Weihnachtsdeko<\/li><li>Weihnachtsm\u00e4rkte, Last Christmas, Gl\u00fchwein<\/li><li>Diskussion: Darf man noch frohe Weihnachten w\u00fcnschen?<\/li><li>Tannenbaum und Rouladen<\/li><li>Unschl\u00fcssige Zeit zwischen den Jahren<\/li><li>Was macht ihr an Silvester?<\/li><li>Ignorieren, aber trotzdem Raclette<\/li><li>Blo\u00df keine guten Vors\u00e4tze, einself11!!<\/li><li>Puh, wieder ein Jahr geschafft<\/li><li>Und dann von vorn<\/li><\/ul>\n\n\n\n<p>Joker (jedes Jahr, \u00dcberraschungseffekt nur durch unklaren\nZeitpunkt)<\/p>\n\n\n\n<ul class=\"wp-block-list\"><li>Mindestens ein Datenschutzskandal<\/li><li>Weiteres Aush\u00f6hlen der Rechtsstaatlichkeit in einem EU-Mitgliedsland, aber ohne Konsequenzen wegen Einstimmigkeitsregel im Europ\u00e4ischen Rat <\/li><li>Irgendjemand hat auf irgendeinem Produkt das Wort Halal entdeckt<\/li><li>Diskussion \u00fcber Vollverschleierung<\/li><li>Verfall der Rechtschreibung<\/li><li>Das Internet ruiniert unsere Kinder<\/li><li>Das Internet ruiniert uns alle<\/li><\/ul>\n\n\n\n<p>~<\/p>\n\n\n\n<p>Interessant aber nat\u00fcrlich eigentlich nur, wie dieses wiederkehrende Ger\u00fcst dennoch jedes Jahr angef\u00fcllt ist mit einer jeweils unvergleichlichen Mischung aus Liebe, Entt\u00e4uschungen, Freuden, Schmerzen, Fort- und R\u00fcckschritten, Verlust und Erleichterung. Von letzterer h\u00e4tte ich mir mehr gew\u00fcnscht, dazu bleibt die Hoffnung auf 2019.<\/p>\n\n\n\n<p>~<\/p>\n\n\n\n<figure class=\"wp-block-embed-flickr wp-block-embed is-type-photo is-provider-flickr\"><div class=\"wp-block-embed__wrapper\">\n<a href=\"https:\/\/www.flickr.com\/photos\/163031701@N05\/46587393911\/in\/dateposted-public\/\"><img loading=\"lazy\" decoding=\"async\" src=\"https:\/\/live.staticflickr.com\/7815\/46587393911_cf6ebb8f40_z.jpg\" alt=\"Auf dem Friedhof\" width=\"640\" height=\"480\" \/><\/a>\n<\/div><\/figure>\n\n\n\n<p>~<\/p>\n\n\n\n<p>Mehr Fotos auf Flickr (habe einen neuen Account er\u00f6ffnet, da der alte schon fast 1000 Fotos hatte und das ist ja nun die neue Cutoff-Marke):<\/p>\n\n\n\n<p>Elbe-Touren von Prag nach Berlin auf dem Schiff [<a href=\"https:\/\/www.flickr.com\/photos\/163031701@N05\/albums\/72157705298974755\">#<\/a>]<\/p>\n\n\n\n<p>Schweiz [<a href=\"https:\/\/www.flickr.com\/photos\/163031701@N05\/albums\/72157677324369638\">#<\/a>]<\/p>\n\n\n\n<p>D\u00e4nemark &amp; Norwegen [<a href=\"https:\/\/www.flickr.com\/photos\/163031701@N05\/albums\/72157702021733792\">#<\/a>]<\/p>\n\n\n\n<p>S\u00fcdafrika, Simbabwe &amp; Botswana [<a href=\"https:\/\/www.flickr.com\/photos\/163031701@N05\/albums\/72157702022026562\">#<\/a>]<\/p>\n\n\n\n<p>Island [<a href=\"https:\/\/www.flickr.com\/photos\/163031701@N05\/albums\/72157675166123107\">#<\/a>]<\/p>\n\n\n\n<p>USA [<a href=\"https:\/\/www.flickr.com\/photos\/163031701@N05\/albums\/72157677324689548\">#<\/a>]<\/p>\n","protected":false},"excerpt":{"rendered":"<p>Ich habe nachgez\u00e4hlt, weil mir das Jahr nach so viel Wegsein vorkam, und tats\u00e4chlich, im letzten Jahr war ich an 182 Tagen nicht Zuhause, also ziemlich genau die H\u00e4lfte des Jahres. Die krasseste Zeit war zwischen September und November, mit 19 Fl\u00fcgen innerhalb von 79 Tagen. Das war zum gr\u00f6\u00dften Teil Arbeit, aber auch ein [&hellip;]<\/p>\n","protected":false},"author":1,"featured_media":0,"comment_status":"open","ping_status":"open","sticky":false,"template":"","format":"standard","meta":{"footnotes":""},"categories":[56],"tags":[],"class_list":["post-5599","post","type-post","status-publish","format-standard","hentry","category-jahresrueckblick"],"_links":{"self":[{"href":"https:\/\/gedankentraeger.de\/index.php?rest_route=\/wp\/v2\/posts\/5599"}],"collection":[{"href":"https:\/\/gedankentraeger.de\/index.php?rest_route=\/wp\/v2\/posts"}],"about":[{"href":"https:\/\/gedankentraeger.de\/index.php?rest_route=\/wp\/v2\/types\/post"}],"author":[{"embeddable":true,"href":"https:\/\/gedankentraeger.de\/index.php?rest_route=\/wp\/v2\/users\/1"}],"replies":[{"embeddable":true,"href":"https:\/\/gedankentraeger.de\/index.php?rest_route=%2Fwp%2Fv2%2Fcomments&post=5599"}],"version-history":[{"count":3,"href":"https:\/\/gedankentraeger.de\/index.php?rest_route=\/wp\/v2\/posts\/5599\/revisions"}],"predecessor-version":[{"id":5717,"href":"https:\/\/gedankentraeger.de\/index.php?rest_route=\/wp\/v2\/posts\/5599\/revisions\/5717"}],"wp:attachment":[{"href":"https:\/\/gedankentraeger.de\/index.php?rest_route=%2Fwp%2Fv2%2Fmedia&parent=5599"}],"wp:term":[{"taxonomy":"category","embeddable":true,"href":"https:\/\/gedankentraeger.de\/index.php?rest_route=%2Fwp%2Fv2%2Fcategories&post=5599"},{"taxonomy":"post_tag","embeddable":true,"href":"https:\/\/gedankentraeger.de\/index.php?rest_route=%2Fwp%2Fv2%2Ftags&post=5599"}],"curies":[{"name":"wp","href":"https:\/\/api.w.org\/{rel}","templated":true}]}}