{"id":620,"date":"2009-01-16T12:33:17","date_gmt":"2009-01-16T10:33:17","guid":{"rendered":"http:\/\/gedankentraeger.de\/?p=620"},"modified":"2009-07-07T09:01:38","modified_gmt":"2009-07-07T07:01:38","slug":"der-arbeitgeber","status":"publish","type":"post","link":"https:\/\/gedankentraeger.de\/?p=620","title":{"rendered":"der arbeitgeber."},"content":{"rendered":"<p>Gestern kleiner Stand-off in der Badewanne, die der Kandidat auch nach einer halben Stunde baden immer noch nicht verlassen wollte. Ich erkl\u00e4rte ihm, dass das Baden nun beendet sei und lie\u00df das Wasser aus. Der Kandidat machte allerdings keinerlei Anstalten, aus der Wanne zu klettern. Ich versuchte, ihm zu assistieren, konnte den nassen Aal allerdings nicht bewegen. So blieb er also in der leeren Wanne liegen. Um ihn herauszuheben, ist er schon zu schwer; ohne seine Kooperation geht nichts mehr, und wenn man die nicht bekommt, hei\u00dft die Devise: Warten. So hielt ich den Hebel des Wasserhahns verschlossen, und John versuchte, das Wasser wieder anzustellen, es gelang ihm aber nicht, mich zu \u00fcberlisten. Ich erkl\u00e4rte wiederholt, dass eine halbe Stunde in der Wanne genug sei, dass seine Haut schon ganz schrumpelig und rot sei und dass er nun wirklich herauskommen m\u00fcsste.<\/p>\n<p>Letztlich eine wunderbar normale Situation, wie mit einem trotzenden Zweij\u00e4hrigen. Wir haben eine weitere halbe Stunde so verbracht: ich hielt den Hebel zu, und er versuchte, ihn zu \u00f6ffnen. Ich war entschlossen, diese Grenze geduldig, aber bestimmt zu setzen, und tats\u00e4chlich stand er nach einer halben Stunde pl\u00f6tzlich auf, als sei nichts gewesen, kam \u00fcber den Rand geklettert und griff nach seiner Zahnb\u00fcrste, mit erwartungsvollem Blick Richtung Zahnpasta, als wolle er sagen: &#8222;Nach dem Baden Z\u00e4hneputzen, right? Dann gib mir aber gef\u00e4lligst auch die Zahnpasta und hilf mir schon endlich dabei.&#8220; Er war bestens gelaunt, und was mich am allermeisten gefreut hat: dass er diese Situation \u00fcberwunden hat, ohne auch nur ansatzweise aggressiv zu werden. Noch vor zwei Wochen h\u00e4tte er bedingungslos gebissen, gekratzt und geschlagen, um seinen Willen durchzusetzen. Vielleicht ist er mit seinen acht Jahren nun wirklich in der Trotzphase angekommen, vielleicht ist das sein Entwicklungsstand, der bei einem kr\u00e4ftigen, nicht-sprechenden Achtj\u00e4hrigen einfach ungleich schwerer zu handhaben ist als bei einem neurotypischen Zweij\u00e4hrigen. Aber langsam kommt er aus der Krise heraus, jeden Tag geht es ein bisschen besser. Toi, toi, toi.<\/p>\n<p>Er h\u00e4tte es sicher leichter, wenn er sprechen k\u00f6nnte (wir nennen ihn \u00fcbrigens &#8222;das nicht-sprechende zweisprachige Kind&#8220;, denn da wir Zuhause <span style=\"text-decoration: line-through;\">zu<\/span> viel Englisch sprechen, versteht er das mittlerweile fast so gut wie Deutsch, au\u00dferdem war Englisch die ersten beiden Lebensjahre ja sowieso seine Muttersprache, das merkt man doch auch). K\u00f6nnte er sprechen, m\u00fcsste er Auseinandersetzungen nicht ausschlie\u00dflich k\u00f6rperlich austragen. Manchmal fehlt einem die Sprache doch. Aber daran arbeiten die Therapeuten, und da f\u00e4llt mir ein, was ich gestern gedacht habe: John ist ein hervorragender Arbeitgeber. Er besch\u00e4ftigt seinen pers\u00f6nlichen Bodyguard im Schulbus, er besch\u00e4ftigt einen Vollzeit-Helfer in der Schule, neben dem herk\u00f6mmlichen Lehrpersonal, er besch\u00e4ftigt zwei Einzelfallhelfer und mehrere Therapeuten (Ergo, Logo und <em>unterst\u00fctzte Kommunikation<\/em>), und wo uns jetzt die &#8222;zus\u00e4tzlichen Betreuungsleistungen&#8220; der Pflegereform bewilligt wurden, wird er auch noch f\u00fcr 200 Euro im Monat eine zus\u00e4tzliche Betreuungskraft besch\u00e4ftigen. Welcher Achtj\u00e4hrige ist schon so ein umfangreicher Arbeitgeber? Der Kandidat als Arbeitgeber <em>schn\u00fcrt<\/em> [wie man so sagt] sein eigenes Konjunkturpaket.<\/p>\n","protected":false},"excerpt":{"rendered":"<p>Gestern kleiner Stand-off in der Badewanne, die der Kandidat auch nach einer halben Stunde baden immer noch nicht verlassen wollte. Ich erkl\u00e4rte ihm, dass das Baden nun beendet sei und lie\u00df das Wasser aus. Der Kandidat machte allerdings keinerlei Anstalten, aus der Wanne zu klettern. Ich versuchte, ihm zu assistieren, konnte den nassen Aal allerdings [&hellip;]<\/p>\n","protected":false},"author":1,"featured_media":0,"comment_status":"open","ping_status":"closed","sticky":false,"template":"","format":"standard","meta":{"footnotes":""},"categories":[23,20],"tags":[],"class_list":["post-620","post","type-post","status-publish","format-standard","hentry","category-autismus","category-jfk"],"_links":{"self":[{"href":"https:\/\/gedankentraeger.de\/index.php?rest_route=\/wp\/v2\/posts\/620"}],"collection":[{"href":"https:\/\/gedankentraeger.de\/index.php?rest_route=\/wp\/v2\/posts"}],"about":[{"href":"https:\/\/gedankentraeger.de\/index.php?rest_route=\/wp\/v2\/types\/post"}],"author":[{"embeddable":true,"href":"https:\/\/gedankentraeger.de\/index.php?rest_route=\/wp\/v2\/users\/1"}],"replies":[{"embeddable":true,"href":"https:\/\/gedankentraeger.de\/index.php?rest_route=%2Fwp%2Fv2%2Fcomments&post=620"}],"version-history":[{"count":0,"href":"https:\/\/gedankentraeger.de\/index.php?rest_route=\/wp\/v2\/posts\/620\/revisions"}],"wp:attachment":[{"href":"https:\/\/gedankentraeger.de\/index.php?rest_route=%2Fwp%2Fv2%2Fmedia&parent=620"}],"wp:term":[{"taxonomy":"category","embeddable":true,"href":"https:\/\/gedankentraeger.de\/index.php?rest_route=%2Fwp%2Fv2%2Fcategories&post=620"},{"taxonomy":"post_tag","embeddable":true,"href":"https:\/\/gedankentraeger.de\/index.php?rest_route=%2Fwp%2Fv2%2Ftags&post=620"}],"curies":[{"name":"wp","href":"https:\/\/api.w.org\/{rel}","templated":true}]}}