{"id":845,"date":"2009-05-05T12:15:44","date_gmt":"2009-05-05T10:15:44","guid":{"rendered":"http:\/\/gedankentraeger.de\/?p=845"},"modified":"2009-05-14T08:33:48","modified_gmt":"2009-05-14T06:33:48","slug":"retrospektives-tagebuchbloggen","status":"publish","type":"post","link":"https:\/\/gedankentraeger.de\/?p=845","title":{"rendered":"retrospektives tagebuchbloggen."},"content":{"rendered":"<p># Dem wahrlich lindgrenschen Urlaub auf einem schwedischen Bauernhof folgten arbeitsame Wochen in einem Luxushotel am Potsdamer Platz, wo ich zun\u00e4chst eine Reisegruppe aus Texas betreute, deren Teilnehmer ihre Zeit bevorzugt damit verbrachten, rassistisch \u00fcber Obama zu reden; ein Mann sagte, er w\u00fcrde noch nicht einmal den Namen des neuen Pr\u00e4sidenten in den Mund nehmen, und ich fragte mich die ganze Zeit, warum republikanische Texaner nach Deutschland reisen, wenn sie doch nur die ganze Zeit schlecht \u00fcber Obama reden m\u00f6chten, kann man das nicht Zuhause genauso gut, aber vielleicht braucht man dazu ein immer neues, am besten internationales Publikum, das Ganze war ein zwar schwer zu ertragender, aber dennoch lehrreicher <em>reality check<\/em>, ahnt man doch sonst immer nur diffus, dass es solche Menschen gibt, dann kamen allerdings noch Kommentare wie etwa, dass H*tler bis 1929 ein Held gewesen sei und dass die Amerikaner damals noch ein paar Wochen h\u00e4tten dranh\u00e4ngen sollen, dann w\u00e4ren sie schon in Moskau gewesen und h\u00e4tten die Russen gleich mitbesiegt, und mit fortschreitender Dauer der Betreuung wurde die Gruppe immer schwerer zu ertragen, schon bald ging mir der ganze Luxus im Hotel gleich mit auf den Geist, und als ich am Hospitality Desk in der Lobby pl\u00f6tzlich h\u00f6rte, dass man Sufjan Stevens als Lobbymusik spielte, ausgerechnet diese Musik hier missbrauchte (wie es sich f\u00fcr mich akut anf\u00fchlte), sie einsetzte wie etwa die zentrale <em>Leonardo<\/em>-Duftverstr\u00f6mung \u00fcber die Klimaanlagen, da drohte ich f\u00fcr einen Moment g\u00e4nzlich zu verzweifeln und entfloh f\u00fcr ein paar Stunden in unsere Wohnung, deren \u00fcberall von Johns dreckigen Fingern angetatzten Tapeten mir noch nie eine solche Wohltat gewesen sind wie bei dieser Heimkehr. Die n\u00e4chste Gruppe kam zum Gl\u00fcck aus Berkeley und machte alles wieder wett, vers\u00f6hnte mich wieder mit der Arbeit und auch mit dem Hotel, einigerma\u00dfen.<\/p>\n<p># [Sufjan Stevens ist deshalb so wichtig, weil er seit Schweden Johns unschlagbarer Lieblingsinterpret geworden ist, von allen Alben h\u00f6rt er, der kleine Chicagoer, ausgerechnet &#8222;Feel the Illinoise&#8220; am liebsten, und wie er da jedes Mal versonnen und sich wiegend vor der Anlage steht, das ist <em>ein Bild f\u00fcr die G\u00f6tter<\/em> | wie man so sagt.]<\/p>\n<p># Bei einem Mittagessen der ersten Gruppe gab es H\u00e4hnchenfleisch, dar\u00fcber war einer der Texaner sehr emp\u00f6rt. Er beschwerte sich bei der Reiseleiterin und k\u00fcndigte an, sie fortan nur noch &#8222;Miss Chicken&#8220; zu nennen (als ob die Reiseleiterin das Essen aussucht), was er dann auch tats\u00e4chlich den ganzen Nachmittag getan hat.<\/p>\n<p># Am Sonntag war ich im Privatclub in Kreuzberg, auf dem Konzert von Ursula Rucker, morgen gehen wir zu den Yeah Yeah Yeahs in die Columbiahalle, \u00fcberhaupt gehen wir gef\u00fchlt nur noch aus, weil wir endlich die ganzen Geldvorr\u00e4te aus den &#8222;zus\u00e4tzlichen Betreuungsleistungen&#8220; von 2008 wegschmelzen m\u00fcssen, die kann man nur noch bis 1. Juni 2009 nutzen, dann fallen sie weg, das geht nat\u00fcrlich nicht.<br \/>\n(Deshalb diesen Monat auch noch auf dem Programm: Great Lake Swimmers, Art Brut und Masha Qrella.)<br \/>\n[Mit einem Mann, der immer noch nicht richtig deutsch spricht, scheiden Theater und Lesungen als Ausgehaktivit\u00e4ten nach wie vor aus, bleiben Konzerte und Kino und Ausstellungen und Fu\u00dfball; als Werder vor zwei Wochen im Olympiastadion spielte, waren wir nat\u00fcrlich wie jedes Jahr dabei.]<\/p>\n<p># \u00dcber den 1. Mai haben wir versucht, ob John vielleicht auch ohne sein Medikament auskommen kann, noch immer w\u00e4re es mir am liebsten, wenn er keine Psychopharmaka nehmen w\u00fcrde, aber schon nach einem halben Tag setzte die Aggression in der gleichen St\u00e4rke ein wie vor der Einf\u00fchrung des Dipiperon, er war nicht mehr zu b\u00e4ndigen, er bestand aus nichts mehr als aus Aggression, wir trugen viele Blessuren davon, John konnte sich auf gar nichts mehr konzentrieren, der 1. Mai war nichts als Krawall in unserem Haus, also nimmt er nun wieder sein Medikament und ist bestens zufrieden, damit ist diese Frage erstmal wieder gekl\u00e4rt, nein, es geht nicht ohne, vor allem f\u00fcr ihn selbst und seine Lebensqualit\u00e4t auch nicht.<\/p>\n<p># Durch Zufall habe ich vielleicht endlich ein passendes und erschwingliches Therapiefahrrad f\u00fcr John und uns gefunden, f\u00fcr \u00fcbermorgen Abend habe ich mit dem jetzigen Besitzer eine Probefahrt vereinbart, es w\u00e4re fast zu sch\u00f6n um wahr zu sein, wenn das klappen w\u00fcrde (was vor allem auch davon abh\u00e4ngt, ob Aussicht besteht, dass John damit klarkommt).<\/p>\n<p># Leider kommt uns zum neuen Schuljahr unser Schulhelfer abhanden, da m\u00fcssen wir nun einen neuen finden, eine Aufgabe, von der ich keine Ahnung habe, wie man sie bew\u00e4ltigen soll; Menschen zu finden, die mit John umgehen k\u00f6nnen, wird mit zunehmendem Alter immer schwerer.<\/p>\n<p># Morgen habe ich frei, da gehe ich zur Konferenz &#8222;<a href=\"http:\/\/www.bmas.de\/coremedia\/generator\/31074\/2009__02__09__vereint__fuer__gemeinsame__bildung.html\">Vereint f\u00fcr gemeinsame Bildung<\/a>&#8222;, was mich jetzt schon wieder nicht erfreut, denn ich mag die ganze politische Arbeit <em>eigentlich<\/em> nicht (genau dieses eigentlich ist es, das bedeutet, dass man es trotzdem tut), all die Konferenzen, all die Treffen, all das Ehrenamt, das bringt eh alles nichts, aber wenn man gar nichts versucht, dann bringt es noch weniger als nichts, n\u00e4mlich R\u00fcckschritte, das wei\u00df man dann auch wiederum.<\/p>\n<p># Ich bin sehr <em>into<\/em> &#8222;24&#8220;, ist denn niemand sonst <em>into<\/em> &#8222;24&#8220;? Auch nach all den Staffeln und auch wenn es nat\u00fcrlich manchmal zweifelhaft ist, und sich mittlerweile oft \u00e4hnelt, die siebte Staffel ist trotzdem spannend; eigentlich m\u00fcsste die Folge von gestern Abend schon online sein, gleich mal nachsehen.<\/p>\n<p># Donnerstag kommt die n\u00e4chste Reisegruppe; Brown und ein paar kleinere, andere Universit\u00e4ten, die okay sein d\u00fcrften, hoffentlich.<\/p>\n","protected":false},"excerpt":{"rendered":"<p># Dem wahrlich lindgrenschen Urlaub auf einem schwedischen Bauernhof folgten arbeitsame Wochen in einem Luxushotel am Potsdamer Platz, wo ich zun\u00e4chst eine Reisegruppe aus Texas betreute, deren Teilnehmer ihre Zeit bevorzugt damit verbrachten, rassistisch \u00fcber Obama zu reden; ein Mann sagte, er w\u00fcrde noch nicht einmal den Namen des neuen Pr\u00e4sidenten in den Mund nehmen, [&hellip;]<\/p>\n","protected":false},"author":1,"featured_media":0,"comment_status":"open","ping_status":"closed","sticky":false,"template":"","format":"standard","meta":{"footnotes":""},"categories":[23,20,14],"tags":[],"class_list":["post-845","post","type-post","status-publish","format-standard","hentry","category-autismus","category-jfk","category-musik"],"_links":{"self":[{"href":"https:\/\/gedankentraeger.de\/index.php?rest_route=\/wp\/v2\/posts\/845"}],"collection":[{"href":"https:\/\/gedankentraeger.de\/index.php?rest_route=\/wp\/v2\/posts"}],"about":[{"href":"https:\/\/gedankentraeger.de\/index.php?rest_route=\/wp\/v2\/types\/post"}],"author":[{"embeddable":true,"href":"https:\/\/gedankentraeger.de\/index.php?rest_route=\/wp\/v2\/users\/1"}],"replies":[{"embeddable":true,"href":"https:\/\/gedankentraeger.de\/index.php?rest_route=%2Fwp%2Fv2%2Fcomments&post=845"}],"version-history":[{"count":0,"href":"https:\/\/gedankentraeger.de\/index.php?rest_route=\/wp\/v2\/posts\/845\/revisions"}],"wp:attachment":[{"href":"https:\/\/gedankentraeger.de\/index.php?rest_route=%2Fwp%2Fv2%2Fmedia&parent=845"}],"wp:term":[{"taxonomy":"category","embeddable":true,"href":"https:\/\/gedankentraeger.de\/index.php?rest_route=%2Fwp%2Fv2%2Fcategories&post=845"},{"taxonomy":"post_tag","embeddable":true,"href":"https:\/\/gedankentraeger.de\/index.php?rest_route=%2Fwp%2Fv2%2Ftags&post=845"}],"curies":[{"name":"wp","href":"https:\/\/api.w.org\/{rel}","templated":true}]}}