{"id":860,"date":"2009-05-13T14:52:21","date_gmt":"2009-05-13T12:52:21","guid":{"rendered":"http:\/\/gedankentraeger.de\/?p=860"},"modified":"2009-05-13T14:55:44","modified_gmt":"2009-05-13T12:55:44","slug":"co-pilot","status":"publish","type":"post","link":"https:\/\/gedankentraeger.de\/?p=860","title":{"rendered":"co-pilot."},"content":{"rendered":"<p><a href=\"http:\/\/gedankentraeger.de\/wp-content\/uploads\/2009\/05\/copilot.jpg\"><img loading=\"lazy\" decoding=\"async\" class=\"alignnone size-medium wp-image-861\" title=\"Das neue Fahrrad\" src=\"http:\/\/gedankentraeger.de\/wp-content\/uploads\/2009\/05\/copilot-300x225.jpg\" alt=\"\" width=\"300\" height=\"225\" \/><\/a><\/p>\n<p>Mit vorne feststehendem Lenker und optionaler Tretfunktion f\u00fcr das Kind, hervorragend geeignet f\u00fcr John, denn das, was er kann, kann er hier mitmachen, und das, was er nicht kann, wird nicht von ihm verlangt. Jetzt m\u00fcssen wir vor allem trainieren, dass man nicht in voller Fahrt absteigt.<\/p>\n","protected":false},"excerpt":{"rendered":"<p>Mit vorne feststehendem Lenker und optionaler Tretfunktion f\u00fcr das Kind, hervorragend geeignet f\u00fcr John, denn das, was er kann, kann er hier mitmachen, und das, was er nicht kann, wird nicht von ihm verlangt. Jetzt m\u00fcssen wir vor allem trainieren, dass man nicht in voller Fahrt absteigt.<\/p>\n","protected":false},"author":1,"featured_media":0,"comment_status":"open","ping_status":"open","sticky":false,"template":"","format":"standard","meta":{"footnotes":""},"categories":[23],"tags":[],"class_list":["post-860","post","type-post","status-publish","format-standard","hentry","category-autismus"],"_links":{"self":[{"href":"https:\/\/gedankentraeger.de\/index.php?rest_route=\/wp\/v2\/posts\/860"}],"collection":[{"href":"https:\/\/gedankentraeger.de\/index.php?rest_route=\/wp\/v2\/posts"}],"about":[{"href":"https:\/\/gedankentraeger.de\/index.php?rest_route=\/wp\/v2\/types\/post"}],"author":[{"embeddable":true,"href":"https:\/\/gedankentraeger.de\/index.php?rest_route=\/wp\/v2\/users\/1"}],"replies":[{"embeddable":true,"href":"https:\/\/gedankentraeger.de\/index.php?rest_route=%2Fwp%2Fv2%2Fcomments&post=860"}],"version-history":[{"count":0,"href":"https:\/\/gedankentraeger.de\/index.php?rest_route=\/wp\/v2\/posts\/860\/revisions"}],"wp:attachment":[{"href":"https:\/\/gedankentraeger.de\/index.php?rest_route=%2Fwp%2Fv2%2Fmedia&parent=860"}],"wp:term":[{"taxonomy":"category","embeddable":true,"href":"https:\/\/gedankentraeger.de\/index.php?rest_route=%2Fwp%2Fv2%2Fcategories&post=860"},{"taxonomy":"post_tag","embeddable":true,"href":"https:\/\/gedankentraeger.de\/index.php?rest_route=%2Fwp%2Fv2%2Ftags&post=860"}],"curies":[{"name":"wp","href":"https:\/\/api.w.org\/{rel}","templated":true}]}}