{"id":882,"date":"2009-05-26T13:33:51","date_gmt":"2009-05-26T11:33:51","guid":{"rendered":"http:\/\/gedankentraeger.de\/?p=882"},"modified":"2009-05-26T13:35:11","modified_gmt":"2009-05-26T11:35:11","slug":"was-noch-war","status":"publish","type":"post","link":"https:\/\/gedankentraeger.de\/?p=882","title":{"rendered":"was noch war."},"content":{"rendered":"<p>Lange Zeit wollte ich ein Buch \u00fcber Autismus schreiben, ohne es je tats\u00e4chlich zu beginnen. Dann hatte ich im Winter pl\u00f6tzlich viel Zeit, setzte mich im Januar einfach an meinen Schreibtisch und begann zu schreiben. Ich ging in die Stabi am Potsdamer Platz und lieh mir einen gro\u00dfen Stapel B\u00fccher aus, las sie alle, brachte sie zur\u00fcck und holte einen neuen Stapel, so ging das drei Monate lang, viel habe ich auch im Internet gelesen. Dabei schrieb ich so vor mich hin, nur mit einer groben Idee, wohin mich das tragen k\u00f6nnte. Soll das wissenschaftlich werden, oder pers\u00f6nlich, nichts wusste ich, ich schrieb einfach erstmal alles auf, was ich aus den B\u00fcchern und Artikeln interessant fand, und was mir selbst dazu und dar\u00fcber hinaus einfiel. Januar, Februar und M\u00e4rz waren hochkonzentrierte Monate, in denen ich jede freie Minute zum Lesen und Schreiben nutzte. Dann kamen die Osterferien, der Urlaub in Schweden, und viele Reisegruppen im April und Mai, zwei Monate lang habe ich nur gearbeitet, und das Geschriebene nicht ein einziges Mal wieder angesehen. Jetzt ist die letzte Gruppe weg, ich habe alle Abrechnungen erledigt, ich habe das Badezimmer geputzt, was gibt es noch zu tun, zwei Tage lang lief ich mit einem mulmigen Gef\u00fchl an meinem Computer vorbei, und traute mich nicht, das im Winter Geschriebene anzusehen. In den zwei Monaten hatte sich in mir n\u00e4mlich der dringende Verdacht ausgebreitet, dass ich vielleicht nur Bl\u00f6dsinn geschrieben habe, dass das nirgendwohin f\u00fchrt, vielleicht w\u00e4re es gar am besten, die Datei einfach nie wieder anzusehen, was k\u00f6nnte da schon Wertvolles drinstehen und vor allem, wen sollte das interessieren. Heute habe ich den Text dann endlich doch ge\u00f6ffnet, zu lesen begonnen, und das, was ich lese, ist mir in den zwei Monaten tats\u00e4chlich schon ganz fremd geworden, es liest sich wie ein Text von jemand anderem, aber die gute Nachricht ist, dass mich das, was ich lese, wirklich interessiert, dass ich es gut finde, jedenfalls gut genug, um das Projekt wieder aufzunehmen. 162 Seiten sind immerhin schon da, ich sehe, woran noch gearbeitet werden muss, welche Perspektiven fehlen, welche B\u00fccher ich unbedingt noch aus der Stabi holen muss, denn ich sehe, wo es weitergeht. Zum Gl\u00fcck. Ob ich dann am Ende einen Verlag daf\u00fcr finde und ob das \u00fcberhaupt sonst noch jemanden interessiert, soll mir bis auf Weiteres erstmal egal sein.<\/p>\n","protected":false},"excerpt":{"rendered":"<p>Lange Zeit wollte ich ein Buch \u00fcber Autismus schreiben, ohne es je tats\u00e4chlich zu beginnen. Dann hatte ich im Winter pl\u00f6tzlich viel Zeit, setzte mich im Januar einfach an meinen Schreibtisch und begann zu schreiben. Ich ging in die Stabi am Potsdamer Platz und lieh mir einen gro\u00dfen Stapel B\u00fccher aus, las sie alle, brachte [&hellip;]<\/p>\n","protected":false},"author":1,"featured_media":0,"comment_status":"open","ping_status":"open","sticky":false,"template":"","format":"standard","meta":{"footnotes":""},"categories":[23],"tags":[],"class_list":["post-882","post","type-post","status-publish","format-standard","hentry","category-autismus"],"_links":{"self":[{"href":"https:\/\/gedankentraeger.de\/index.php?rest_route=\/wp\/v2\/posts\/882"}],"collection":[{"href":"https:\/\/gedankentraeger.de\/index.php?rest_route=\/wp\/v2\/posts"}],"about":[{"href":"https:\/\/gedankentraeger.de\/index.php?rest_route=\/wp\/v2\/types\/post"}],"author":[{"embeddable":true,"href":"https:\/\/gedankentraeger.de\/index.php?rest_route=\/wp\/v2\/users\/1"}],"replies":[{"embeddable":true,"href":"https:\/\/gedankentraeger.de\/index.php?rest_route=%2Fwp%2Fv2%2Fcomments&post=882"}],"version-history":[{"count":0,"href":"https:\/\/gedankentraeger.de\/index.php?rest_route=\/wp\/v2\/posts\/882\/revisions"}],"wp:attachment":[{"href":"https:\/\/gedankentraeger.de\/index.php?rest_route=%2Fwp%2Fv2%2Fmedia&parent=882"}],"wp:term":[{"taxonomy":"category","embeddable":true,"href":"https:\/\/gedankentraeger.de\/index.php?rest_route=%2Fwp%2Fv2%2Fcategories&post=882"},{"taxonomy":"post_tag","embeddable":true,"href":"https:\/\/gedankentraeger.de\/index.php?rest_route=%2Fwp%2Fv2%2Ftags&post=882"}],"curies":[{"name":"wp","href":"https:\/\/api.w.org\/{rel}","templated":true}]}}