{"id":954,"date":"2009-06-10T16:26:17","date_gmt":"2009-06-10T14:26:17","guid":{"rendered":"http:\/\/gedankentraeger.de\/?p=954"},"modified":"2009-06-10T16:33:17","modified_gmt":"2009-06-10T14:33:17","slug":"pick-one","status":"publish","type":"post","link":"https:\/\/gedankentraeger.de\/?p=954","title":{"rendered":"pick one."},"content":{"rendered":"<p><a href=\"http:\/\/www.sciencenews.org\/view\/generic\/id\/44407\/title\/Autism_care_takes_biological_toll_on_mothers \">&#8222;Autism takes biological toll on mothers&#8220;<\/a> (Note to self: immer sch\u00f6n die zu geringe Stresshormonproduktion bedenken, die f\u00f6rdert n\u00e4mlich negatives Denken. In Zukunft alles bewusst positiv sehen | mal sehen, wie lange man das so durchh\u00e4lt.)<\/p>\n<p>Eigentlich ganz okay: wie sich \u00c4rzte selbst \u00fcberfl\u00fcssig machen. Ich rief heute die Neurodermitis-Sprechstunde in der Virchow-Klinik an, weil John einen akuten Ausbruch von Neurodermitis hat (die er im Alter von drei Jahren urspr\u00fcnglich als Nebenwirkung nach der Einnahme eines bekannterma\u00dfen Hautprobleme verursachenden Antikonvulsivums entwickelt hat). Den n\u00e4chsten Termin kann ich am 28. September bekommen. Die nette Dame hat auf meine Bitte extra noch einmal nachgesehen, bl\u00e4tterte eine Weile in ihrem Kalender, murmelte hier und da etwas Unverst\u00e4ndliches, und kam dann zur\u00fcck ans Telefon mit der Erkenntnis: &#8222;Nein, tut mir leid, vor dem 28.9. kann ich Sie nirgendwo dazwischen quetschen.&#8220; Da die Medizin bisher in John-Fragen noch immer gescheitert ist, vielleicht auch nicht weiter schlimm. (Da zahlt sich das positive Denken doch schon aus.) Neurodermitis-Sprechstunde ad\u00e9, auch dieses Problem werde ich vermutlich alleine genauso gut l\u00f6sen. [Wei\u00df nicht, warum ich zwischendurch \u00fcberhaupt noch immer Anwandlungen bekomme, \u00c4rzte tats\u00e4chlich mit der Hoffnung auf Hilfe aufsuchen zu wollen | verr\u00fcckte und \u00fcberholte Idee aus dem letzten Jahrhundert.]<\/p>\n<p><a href=\"http:\/\/www.sciencedaily.com\/releases\/2009\/06\/090604095123.htm\">In den USA haben 60% aller Privatinsolvenzen einen medizinischen Hintergrund<\/a> [21. Jahrhundert]<\/p>\n<p>Pick one [<a href=\"http:\/\/heyben.com\/pickone\/index.php\">#<\/a>]<\/p>\n","protected":false},"excerpt":{"rendered":"<p>&#8222;Autism takes biological toll on mothers&#8220; (Note to self: immer sch\u00f6n die zu geringe Stresshormonproduktion bedenken, die f\u00f6rdert n\u00e4mlich negatives Denken. In Zukunft alles bewusst positiv sehen | mal sehen, wie lange man das so durchh\u00e4lt.) Eigentlich ganz okay: wie sich \u00c4rzte selbst \u00fcberfl\u00fcssig machen. Ich rief heute die Neurodermitis-Sprechstunde in der Virchow-Klinik an, weil [&hellip;]<\/p>\n","protected":false},"author":1,"featured_media":0,"comment_status":"open","ping_status":"open","sticky":false,"template":"","format":"standard","meta":{"footnotes":""},"categories":[23],"tags":[],"class_list":["post-954","post","type-post","status-publish","format-standard","hentry","category-autismus"],"_links":{"self":[{"href":"https:\/\/gedankentraeger.de\/index.php?rest_route=\/wp\/v2\/posts\/954"}],"collection":[{"href":"https:\/\/gedankentraeger.de\/index.php?rest_route=\/wp\/v2\/posts"}],"about":[{"href":"https:\/\/gedankentraeger.de\/index.php?rest_route=\/wp\/v2\/types\/post"}],"author":[{"embeddable":true,"href":"https:\/\/gedankentraeger.de\/index.php?rest_route=\/wp\/v2\/users\/1"}],"replies":[{"embeddable":true,"href":"https:\/\/gedankentraeger.de\/index.php?rest_route=%2Fwp%2Fv2%2Fcomments&post=954"}],"version-history":[{"count":0,"href":"https:\/\/gedankentraeger.de\/index.php?rest_route=\/wp\/v2\/posts\/954\/revisions"}],"wp:attachment":[{"href":"https:\/\/gedankentraeger.de\/index.php?rest_route=%2Fwp%2Fv2%2Fmedia&parent=954"}],"wp:term":[{"taxonomy":"category","embeddable":true,"href":"https:\/\/gedankentraeger.de\/index.php?rest_route=%2Fwp%2Fv2%2Fcategories&post=954"},{"taxonomy":"post_tag","embeddable":true,"href":"https:\/\/gedankentraeger.de\/index.php?rest_route=%2Fwp%2Fv2%2Ftags&post=954"}],"curies":[{"name":"wp","href":"https:\/\/api.w.org\/{rel}","templated":true}]}}