{"id":985,"date":"2009-06-12T12:59:31","date_gmt":"2009-06-12T10:59:31","guid":{"rendered":"http:\/\/gedankentraeger.de\/?p=985"},"modified":"2009-06-12T13:46:31","modified_gmt":"2009-06-12T11:46:31","slug":"der-guten-nachricht-folgt-die-schlechte-auf-dem-fuse","status":"publish","type":"post","link":"https:\/\/gedankentraeger.de\/?p=985","title":{"rendered":"der guten nachricht folgt die schlechte auf dem fu\u00dfe."},"content":{"rendered":"<p>Champagner! Ein kr\u00e4ftezehrender anderthalbj\u00e4hriger <a href=\"http:\/\/protest.elternzentrum-berlin.de\/\">Protest<\/a> kommt augenscheinlich zu einem erfolgreichen Ende: in der Plenarsitzung des Berliner Senates wurde gestern in den m\u00fcndlichen Anfragen <a href=\"http:\/\/www.rbb-online.de\/etc\/medialib\/rbb\/rbb\/imparlament\/berlin\/11__juni_2009\/muendliche_anfragen.asx.format_49485.2.asx\">\u00fcber die Zukunft der Schulhelferversorgung an den F\u00f6rderzentren gesprochen<\/a> (Minute 44-49). Senator Z\u00f6llner hat erstmals \u00f6ffentlich bekanntgegeben, dass es auch weiterhin und langfristig Schulhelfer an F\u00f6rderzentren geben wird, und dass die Senatsverwaltung f\u00fcr Bildung, Wissenschaft und Forschung sich \u00fcber die Finanzierung mit der Senatsverwaltung f\u00fcr Finanzen geeinigt hat. (Jetzt m\u00fcssen wir allerdings noch abwarten, wie es mit der tats\u00e4chlichen Umsetzung aussieht, am 23. Juni haben wir den n\u00e4chsten Termin in der Senatsverwaltung.)<\/p>\n<p>So weit die gute Nachricht. Die schlechte: nun plant das Bezirksamt Pankow die Physiotherapeuten an den F\u00f6rderzentren ersatzlos zu streichen. Die Pl\u00e4ne sind anscheinend schon weit fortgeschritten oder gar beschlossen, aber wir Eltern haben gerade erst davon erfahren. Wir haben uns schnell mit den Elternvertretungen verschiedener Schulen zusammengeschlossen und eine Resolution gegen diese Pl\u00e4ne verfasst.<\/p>\n<p>Die Arbeit der Physiotherapeuten an den F\u00f6rderzentren ist elementar wichtig. F\u00fcr John jetzt nicht so unbedingt, weil er motorisch sehr aktiv ist, aber gerade Kinder mit k\u00f6rperlichen Behinderungen, schwerst-mehrfachbehinderte Kinder, Kinder im Rollstuhl sind auf die physiotherapeutische Versorgung angewiesen: ohne diese Therapien verkrampfen sich die Muskeln oder ganze Gliedma\u00dfen, was zu schweren Beeintr\u00e4chtigungen f\u00fchrt. Meine Kinder\u00e4rztin sagte mir erst gestern, dass einige Kinder ohne Physiotherapie auf Dauer im Rollstuhl landen, obwohl sie bei ausreichender F\u00f6rderung nicht im Rollstuhl sitzen m\u00fcssten.<\/p>\n<p>Der Bezirk meint anscheinend, dass die Eltern die physiotherapeutische Versorgung au\u00dferhalb der Schule selbst gew\u00e4hrleisten k\u00f6nnen, aber das ist aus vielerlei Gr\u00fcnden problematisch: die Kinder sind bis nachmittags in der Schule und Therapien im Anschluss an den langen Schultag sind wenig effektiv; die Eltern k\u00f6nnen gerade schwerst-mehrfachbehinderte Kinder oft nicht selbst irgendwohin bringen; viele Eltern sind zudem berufst\u00e4tig; andere Eltern wiederum k\u00fcmmern sich nicht gen\u00fcgend um die Therapien ihrer Kinder, in dem Fall wird erst durch die Schule die ausreichende Versorgung und F\u00f6rderung gew\u00e4hrleistet etc.<\/p>\n<p>Wir haben unsere Resolution an die Medien und bildungpolitischen Sprecher aller Parteien geschickt, sowie auch sonst breit gestreut (Elternvertretungen, Behindertenbeauftragte etc.)<\/p>\n<p><strong>Resolution gegen den Sparwahn in Pankows Sonderschulen<\/strong><\/p>\n<p>Wir Elternvertreter der Schulen mit den sonderp\u00e4dagogischen F\u00f6rderschwerpunkten \u201eGeistige Entwicklung\u201c und \u201eK\u00f6rperlich-motorische Entwicklung\u201c im Bezirk Pankow protestieren mit dieser Resolution entschieden gegen die an unseren Schulen geplante Streichung der therapeutischen F\u00f6rderma\u00dfnahmen.<\/p>\n<p>An unseren Schulen sind Therapeutinnen und Therapeuten t\u00e4tig, die beim Gesundheitsamt Pankow angestellt sind und in enger Zusammenarbeit mit Lehrern und Eltern die Entwicklung unserer Kinder unterst\u00fctzen. Diese Einzelf\u00f6rderung ist, wie in allen anderen Berliner Bezirken auch, unverzichtbarer Bestandteil des Bildungsauftrags unserer Schulen und tr\u00e4gt wesentlich zu schulischer und gesellschaftlicher Integration unserer Kinder bei.<\/p>\n<p>Der Bezirk Pankow plant nun aufgrund der Sparvorgaben des Landes Berlin, die Therapeuten und Therapeutinnen aus unseren Schulen ersatzlos abzuziehen. Diese Sparma\u00dfnahme w\u00fcrde dazu f\u00fchren, dass der integrative Ansatz unserer Schulen nur noch ungen\u00fcgend erf\u00fcllt werden k\u00f6nnte und unseren Kindern ein wesentliches Element ihrer individuellen F\u00f6rderung genommen w\u00fcrde.<\/p>\n<ul>\n<li>Wir empfinden diese Kahlschlagpl\u00e4ne als den unverhohlenen Versuch, zulasten von Kindern mit Behinderungen die Sanierung des Bezirkshaushaltes zu betreiben.<\/li>\n<li> Wir empfinden die vorgeschlagene Streichung der Therapeuten-Stellen als eine Bankrotterkl\u00e4rung der Politik an ein integratives Schulsystem.<\/li>\n<li>Wir k\u00f6nnen nicht nachvollziehen, dass ein solcher Vorschlag ernsthaft diskutiert und zugleich Bildung als wichtigstes Zukunftsthema in unserem Land benannt wird.<\/li>\n<li>Wir werden nicht zulassen, dass unsere Kinder und Schulen wegen der augenscheinlichen politischen Handlungsunf\u00e4higkeit von Bezirk und Senat an den Rand der Gesellschaft gedr\u00e4ngt werden!<\/li>\n<li>Wir Eltern f\u00fchlen uns in unseren Bem\u00fchungen, in enger Zusammenarbeit mit den Schulen eine positive Entwicklung unserer Kinder zu erreichen, vom Berliner Senat und der Pankower Bezirkspolitik im Stich gelassen.<\/li>\n<li>Wir fordern von der Senatorin f\u00fcr Gesundheit, die jahrelange Unt\u00e4tigkeit ihres Hauses auf diesem Gebiet zu beenden und gemeinsam mit den Bezirken konstruktive L\u00f6sungsvorschl\u00e4ge zu entwickeln!<\/li>\n<li>Wir fordern eine individuelle und optimale F\u00f6rderung f\u00fcr unsere Kinder \u2013 nicht mehr und nicht weniger steht uns und unseren Kindern zu!<\/li>\n<\/ul>\n<p>Wir verlangen von allen politisch Verantwortlichen im Bezirk und auf Landesebene, den Pl\u00e4nen des Bezirksamtes Pankow die Zustimmung zu verweigern und die beabsichtigte ersatzlose Streichung der Therapiema\u00dfnahmen an unseren Schulen unverz\u00fcglich zur\u00fcckzunehmen.<\/p>\n<p>Elternvertretung der Helene-Haeusler-Schule, Berlin Pankow<br \/>\nElternvertretung der Marianne-Buggenhagen-Schule, Berlin Pankow<br \/>\nElternvertretung der Panke-Schule, Berlin Pankow<br \/>\nElternvertretung der Biesalski-Schule, Berlin Steglitz-Zehlendorf<\/p>\n","protected":false},"excerpt":{"rendered":"<p>Champagner! Ein kr\u00e4ftezehrender anderthalbj\u00e4hriger Protest kommt augenscheinlich zu einem erfolgreichen Ende: in der Plenarsitzung des Berliner Senates wurde gestern in den m\u00fcndlichen Anfragen \u00fcber die Zukunft der Schulhelferversorgung an den F\u00f6rderzentren gesprochen (Minute 44-49). Senator Z\u00f6llner hat erstmals \u00f6ffentlich bekanntgegeben, dass es auch weiterhin und langfristig Schulhelfer an F\u00f6rderzentren geben wird, und dass die Senatsverwaltung [&hellip;]<\/p>\n","protected":false},"author":1,"featured_media":0,"comment_status":"open","ping_status":"open","sticky":false,"template":"","format":"standard","meta":{"footnotes":""},"categories":[23,26],"tags":[],"class_list":["post-985","post","type-post","status-publish","format-standard","hentry","category-autismus","category-politik"],"_links":{"self":[{"href":"https:\/\/gedankentraeger.de\/index.php?rest_route=\/wp\/v2\/posts\/985"}],"collection":[{"href":"https:\/\/gedankentraeger.de\/index.php?rest_route=\/wp\/v2\/posts"}],"about":[{"href":"https:\/\/gedankentraeger.de\/index.php?rest_route=\/wp\/v2\/types\/post"}],"author":[{"embeddable":true,"href":"https:\/\/gedankentraeger.de\/index.php?rest_route=\/wp\/v2\/users\/1"}],"replies":[{"embeddable":true,"href":"https:\/\/gedankentraeger.de\/index.php?rest_route=%2Fwp%2Fv2%2Fcomments&post=985"}],"version-history":[{"count":0,"href":"https:\/\/gedankentraeger.de\/index.php?rest_route=\/wp\/v2\/posts\/985\/revisions"}],"wp:attachment":[{"href":"https:\/\/gedankentraeger.de\/index.php?rest_route=%2Fwp%2Fv2%2Fmedia&parent=985"}],"wp:term":[{"taxonomy":"category","embeddable":true,"href":"https:\/\/gedankentraeger.de\/index.php?rest_route=%2Fwp%2Fv2%2Fcategories&post=985"},{"taxonomy":"post_tag","embeddable":true,"href":"https:\/\/gedankentraeger.de\/index.php?rest_route=%2Fwp%2Fv2%2Ftags&post=985"}],"curies":[{"name":"wp","href":"https:\/\/api.w.org\/{rel}","templated":true}]}}